{"id":2218,"date":"2021-08-02T11:12:13","date_gmt":"2021-08-02T10:12:13","guid":{"rendered":"http:\/\/www.patrim.net\/?p=2218"},"modified":"2021-08-04T11:12:51","modified_gmt":"2021-08-04T10:12:51","slug":"le-projet-patrim-publie-un-manuel-pour-contribuer-a-ameliorer-la-gestion-des-musees-locaux","status":"publish","type":"post","link":"https:\/\/www.patrim.net\/fr\/le-projet-patrim-publie-un-manuel-pour-contribuer-a-ameliorer-la-gestion-des-musees-locaux\/","title":{"rendered":"Le projet Patrim+ publie un manuel pour contribuer \u00e0 am\u00e9liorer la gestion des mus\u00e9es locaux"},"content":{"rendered":"\n<p>Soutenir les petits mus\u00e9es\net lieux de patrimoine en contribuant \u00e0 l&#8217;am\u00e9lioration de\nleur gestion et progresser en mati\u00e8re d&#8217;innovation sociale, tel est l&#8217;objectif\ndu manuel \u00e9dit\u00e9 par le projet\nPATRIM+ (Interreg POCTEFA). Il s\u2019agit \u00e9galement de pallier le manque d&#8217;analyses et d&#8217;outils\npratiques pour des espaces situ\u00e9s dans des zones rurales, qui malgr\u00e9 leurs\nressources limit\u00e9es, contribuent fortement \u00e0 la coh\u00e9sion territoriale et \u00e0 la\nrevitalisation culturelle et sociale de leurs communaut\u00e9s.<\/p>\n\n\n\n<p>Sous le titre &#8220;Patrimoine et mus\u00e9es\nlocaux : cl\u00e9s de gestion&#8221;, la publication est le r\u00e9sultat d&#8217;une des\nactions du projet PATRIM+ (R\u00e9seau Pyr\u00e9n\u00e9en de Centres de Patrimoine et\nd\u2019Innovation Rurale) du programme INTERREG VA Espagne-France-Andorre, POCTEFA\n2014 -2020. Le projet Patrim+ est cofinanc\u00e9 \u00e0 65 % par le Fonds europ\u00e9en de\nd\u00e9veloppement r\u00e9gional, le FEDER.<\/p>\n\n\n\n<p>La\npublication a \u00e9t\u00e9 dirig\u00e9e par I\u00f1aki Arrieta Urtizberea et I\u00f1aki D\u00edaz Balerdi de\nl&#8217;Universit\u00e9 du Pays Basque \/ Euskal Herriko Unibertsitatea (UPV \/ EHU) et est t\u00e9l\u00e9chargeable\nvia le lien suivant : <\/p>\n\n\n\n<figure class=\"wp-block-embed\"><div class=\"wp-block-embed__wrapper\">\nhttp:\/\/pasosonline.org\/Publicados\/pasosoedita\/PSEdita29.pdf\n<\/div><\/figure>\n\n\n\n<p>L&#8217;objectif est de fournir aux membres des mus\u00e9es, \u00e9comus\u00e9es et centres\nd&#8217;interpr\u00e9tation du patrimoine qui composent le r\u00e9seau Patrim+, tous situ\u00e9s\ndans les Pyr\u00e9n\u00e9es, des outils pour optimiser leur gestion, en tenant compte de\nleurs sp\u00e9cificit\u00e9s, comme leur implantation dans des milieux ruraux et\nmontagnards, le caract\u00e8re pluridisciplinaire de leurs \u00e9quipes et le dynamisme culturel\net social que, malgr\u00e9 leur petite taille, ils g\u00e9n\u00e8rent dans les territoires o\u00f9\nils sont implant\u00e9s, ainsi que leur capacit\u00e9 croissante \u00e0 attirer des visiteurs\nrecherchant des exp\u00e9riences touristiques et de loisirs actifs dans des zones de\ngrande valeur naturelle et patrimoniale.<\/p>\n\n\n\n<p>Ainsi, sous la direction de l&#8217;\u00e9quipe de l&#8217;Universit\u00e9 du\nPays Basque \/ Euskal Herriko Unibertsitatea (UPV \/ EHU), qui fait \u00e9galement\npartie du R\u00e9seau, PATRIM a-t-il r\u00e9uni un groupe de chercheurs et de\nsp\u00e9cialistes du patrimoine et des mus\u00e9es pour analyser et d\u00e9velopper des enjeux\ncl\u00e9s pour la gestion de ces centres pyr\u00e9n\u00e9ens.<\/p>\n\n\n\n<p>Lors de la conception, le manque\nd&#8217;\u00e9tudes et de litt\u00e9rature ax\u00e9e sur la gestion des petits mus\u00e9es et des centres\nlocaux du patrimoine a \u00e9t\u00e9 relev\u00e9&nbsp;: il a donc \u00e9t\u00e9 d\u00e9cid\u00e9 qu&#8217;il pourrait\ns&#8217;agir d&#8217;une contribution nouvelle et pratique pour quiconque recherche ou\ntravaille dans des centres dot\u00e9s de ces caract\u00e9ristiques. La d\u00e9cision a \u00e9t\u00e9\nprise de publier un manuel avec la maison d&#8217;\u00e9dition Pasos, sp\u00e9cialis\u00e9e dans le\ntourisme et le patrimoine culturels.<\/p>\n\n\n\n<p>Comme le rappelle Jean-No\u00ebl Vigneau, pr\u00e9sident de la\nCommunaut\u00e9 de Communes Couserans-Pyr\u00e9n\u00e9es, PATRIM est le premier r\u00e9seau\ntransfrontalier de mus\u00e9es, \u00e9comus\u00e9es et centres d&#8217;interpr\u00e9tation du patrimoine\npyr\u00e9n\u00e9en. \u00ab Il a \u00e9t\u00e9 cr\u00e9\u00e9 en 2008 avec un objectif : \u00e9tudier et valoriser cette\ncha\u00eene de montagnes en tant qu\u2019ensemble culturel. Et aussi avec de l\u2019ambition&nbsp;: m\u00eame de petites\nstructures culturelles, parfois isol\u00e9es, aux moyens humains et financiers\nlimit\u00e9s, lorsqu\u2019elle se rassemblent, peuvent accomplir de grandes choses \u00bb.<\/p>\n\n\n\n<p>Ce manuel, qui se veut pratique et\nformateur, est \u00ab la preuve d&#8217;un de ces accomplissements gr\u00e2ce au nouveau\npartenariat d\u00e9velopp\u00e9 avec les universit\u00e9s membres du r\u00e9seau \u00bb.<\/p>\n\n\n\n<p><strong>17\nth\u00e8mes cl\u00e9s<\/strong><\/p>\n\n\n\n<p>Comme l&#8217;explique la publication, la\ngestion des mus\u00e9es et des centres du patrimoine est devenue de plus en plus\ncomplexe \u00e0 partir des ann\u00e9es 1960. De nouvelles approches\nmus\u00e9ologiques et patrimoniales ont \u00e9merg\u00e9 depuis cette \u00e9poque, et ont\nconsid\u00e9rablement red\u00e9fini leurs objectifs et leurs fonctions. L\u2019ICOM affirme que ces\ninstitutions, en plus de s\u2019investir dans leurs collections, doivent \u00eatre au\nservice de la soci\u00e9t\u00e9, contribuer \u00e0 son d\u00e9veloppement et \u00eatre ouvertes au\nchangement et \u00e0 la diversit\u00e9 des biens culturels. <\/p>\n\n\n\n<p>Sur la base de ces \u00e9volutions, la publication comprend 17\nth\u00e8mes cl\u00e9s. Comme l&#8217;expliquent I\u00f1aki Arrieta Urtizberea et I\u00f1aki D\u00edaz Balerdi,\nqui ont dirig\u00e9 la publication, \u00ab&nbsp;tous sont pertinents pour la gestion de\ntout mus\u00e9e ou centre du patrimoine que ce soit. Ils ont \u00e9t\u00e9 r\u00e9partis en trois sections principales.\nLa premi\u00e8re, qui traite des questions-cl\u00e9s du <em>patrimoine<\/em> et de la <em>mus\u00e9ologie<\/em>,\nse concentre sur les questions g\u00e9n\u00e9rales et pose le contexte, en outre, des deux autres parties. <\/p>\n\n\n\n<p>La deuxi\u00e8me section couvre des\nsujets consid\u00e9r\u00e9s comme courants dans les mus\u00e9es et les centres du patrimoine,\nmais adapt\u00e9s \u00e0 un contexte local : <em>gestion<\/em>, <em>collection<\/em>, <em>conservation<\/em>,\n<em>exposition<\/em>, <em>\u00e9ducation au patrimoin<\/em>e et, enfin, <em>publics<\/em>. <\/p>\n\n\n\n<p>La troisi\u00e8me section rassemble\ndes th\u00e8mes fondamentaux que tout.e sp\u00e9cialiste, technicien.ne ou chercheur.se\ndans le domaine du patrimoine et des mus\u00e9es ne devrait pas n\u00e9gliger : <em>identit\u00e9s<\/em>,\n<em>m\u00e9moire<\/em>, <em>diversit\u00e9 culturelle<\/em>, <em>genre<\/em>, <em>patrimoine\nculturel immat\u00e9riel<\/em>, <em>patrimoine naturel<\/em>, <em>participation<\/em>, <em>tourisme<\/em>\net, pour conclure la publication, <em>technologies<\/em>.&nbsp;\u00bb<br><\/p>\n\n\n\n<p><strong>Liste des\nautrices et auteurs:<\/strong><\/p>\n\n\n\n<p>Abella, Jordi (Ecomuseu de les Valls d\u2019\u00c0neu)<\/p>\n\n\n\n<p>Aguirre, Cristina (K6 Gesti\u00f3n Cultural \/ Caserio-Museo\nIgartubeiti)<\/p>\n\n\n\n<p>Arrieta Urtizberea, I\u00f1aki (Universidad del\nPa\u00eds Vasco\/Euskal Herriko Unibertsitatea)<\/p>\n\n\n\n<p>Beltran, Oriol (Universitat de Barcelona)<\/p>\n\n\n\n<p>Bergeron, Yves\n(Universit\u00e9 du Qu\u00e9bec \u00e0 Montr\u00e9al)<\/p>\n\n\n\n<p>Chaboussou, Pauline\n(Communaut\u00e9 de Communes Couserans-Pyr\u00e9n\u00e9es)<\/p>\n\n\n\n<p>Chaumier, Serge (Universit\u00e9 d\u2019Artois)<\/p>\n\n\n\n<p>D\u00edaz Balerdi, I\u00f1aki (Universidad del Pa\u00eds\nVasco\/Euskal Herriko Unibertsitatea)<\/p>\n\n\n\n<p>Estrada Bonell, Ferran (Universitat de\nBarcelona)<\/p>\n\n\n\n<p>Fontal, Olaia (Universidad de Valladolid)<\/p>\n\n\n\n<p>G\u00f3mez Espinosa, Teresa (Museo Arqueol\u00f3gico\nNacional)<\/p>\n\n\n\n<p>Ib\u00e1\u00f1ez-Etxeberria, \u00c1lex (Universidad del Pa\u00eds\nVasco\/Euskal Herriko Unibertsitatea)<\/p>\n\n\n\n<p>Jim\u00e9nez-Esquinas, Guadalupe (Universidad de\nSantiago de Compostela)<\/p>\n\n\n\n<p>Loget, Violette\n(Universit\u00e9 du Qu\u00e9bec \u00e0 Montr\u00e9al \/ Universit\u00e9 Sorbonne Nouvelle)<\/p>\n\n\n\n<p>Luna, Ursula (Universidad del Pa\u00eds\nVasco\/Euskal Herriko Unibertsitatea)<\/p>\n\n\n\n<p>Mairesse, Fran\u00e7ois\n(Universit\u00e9 Sorbonne Nouvelle)<\/p>\n\n\n\n<p>M\u00e1rmol Carta\u00f1\u00e1, Camila del (Universitat de\nBarcelona)<\/p>\n\n\n\n<p>Moreno Mendoza, H\u00e9ctor (Universidad de Las\nPalmas de Gran Canaria)<\/p>\n\n\n\n<p>Mur, Jorge (Espacio\nPirineos)<\/p>\n\n\n\n<p>Navajas Corral, \u00d3scar\n(Universidad de Alcal\u00e1)<\/p>\n\n\n\n<p>Pereiro, Xerardo\n(Universidade de Tr\u00e1s-os-Montes e Alto Douro)<\/p>\n\n\n\n<p>Roig\u00e9, Xavier\n(Universitat de Barcelona)<\/p>\n\n\n\n<p>Roura-Exp\u00f3sito, Joan\n(Instituto de Ciencias del Patrimonio. Incipit-CSIC)<\/p>\n\n\n\n<p>S\u00e1nchez-Carretero, Cristina\n(Instituto de Ciencias del Patrimonio. Incipit-CSIC)<\/p>\n\n\n\n<p>Sandri, Eva (Universit\u00e9\nMontpellier Paul Val\u00e9ry 3)<\/p>\n\n\n\n<p>Santana-Talavera, Agust\u00edn\n(Universidad de La Laguna)<\/p>\n\n\n\n<p>Schall, C\u00e9line (Avignon\nUniversit\u00e9 \/ Ville d\u2019Esch)<\/p>\n\n\n\n<p>Van Geert, Fabien\n(Universit\u00e9 Sorbonne Nouvelle)<\/p>\n\n\n\n<p>Viau-Courville, Mathieu\n(Fontys University of Applied Sciences \/ Universit\u00e9 de Lorraine)<\/p>\n\n\n\n<p>Vilatte, Jean-Christophe\n(Avignon Universit\u00e9)<br><\/p>\n\n\n\n<p><strong>Le projet<\/strong><strong> Patrim+<\/strong><\/p>\n\n\n\n<p>Le projet Patrim +\nest une initiative d\u00e9velopp\u00e9e dans le cadre du programme Interreg POCTEFA qui\nest cofinanc\u00e9 \u00e0 65% par le Fonds Europ\u00e9en de D\u00e9veloppement R\u00e9gional, le FEDER.<\/p>\n\n\n\n<p>Les sites suivants\nfont partie du r\u00e9seau PATRIM, situ\u00e9 dans les r\u00e9gions pyr\u00e9n\u00e9ennes de Gipuzkoa,\nHuesca\/Aragon, Catalogne, Hautes-Pyr\u00e9n\u00e9es, Ari\u00e8ge et Haute-Garonne.<\/p>\n\n\n\n<p>Castillo de Seix \u2013\nPatrimonio de Couserans (Communaut\u00e9 de Communes Couserans-Pyr\u00e9n\u00e9es, Ari\u00e8ge)<\/p>\n\n\n\n<p>Ecomuseu dels Valls d\u2019\u00c0neu (Lleida,\nCatalogne)<\/p>\n\n\n\n<p>Centro Santiago Ram\u00f3n y Cajal\n(Ayuntamiento de Ayerbe, Aragon)<\/p>\n\n\n\n<p>Mus\u00e9e Larrey (Commune de Beaud\u00e9an,\nHautes-Pyr\u00e9n\u00e9es)<\/p>\n\n\n\n<p>Parque Cultural del R\u00edo Vero \u2013 Centro\ndel arte rupestre (Colungo, Comarca del Somontano de Barbastro, Aragon)<\/p>\n\n\n\n<p>Mus\u00e9e de l\u2019Aurignacien (Aurignac,\nHaute-Garonne)<\/p>\n\n\n\n<p>Espacio Pirineos,&nbsp;Centro de\nCreaci\u00f3n y Cultura del Pirineo&nbsp;(Graus, Aragon)<\/p>\n\n\n\n<p>Caserio Museo Igartubeitiu Baserria\n(Ezkio. Gipuzkoa)<\/p>\n\n\n\n<p>K6 empresa de Gesti\u00f3n Cultural\n(Gipuzkoa)<\/p>\n\n\n\n<p>Espacio Salto de Rold\u00e1n (Nueno, Comarca\nHoya de Huesca\/Plana de Uesca, Aragon)<\/p>\n\n\n\n<p>Universidad del Pa\u00eds Vasco \/ Euskal\nHerriko Unibertsitatea (San Sebasti\u00e1n \/ Donostia)<\/p>\n\n\n\n<p>Espai Or\u00edgens, Centre d\u2019Estudis del\nPatrimoni Arqueol\u00f2gic de la Prehist\u00f2ria, Universitat Aut\u00f2noma de Barcelona\n(Camarasa, Lleida, Catalogne)&nbsp;<\/p>\n","protected":false},"excerpt":{"rendered":"<p>Soutenir les petits mus\u00e9es et lieux de patrimoine en contribuant \u00e0 l&#8217;am\u00e9lioration de leur gestion et progresser en mati\u00e8re d&#8217;innovation sociale, tel est l&#8217;objectif du manuel \u00e9dit\u00e9 par le projet PATRIM+ (Interreg POCTEFA). Il s\u2019agit \u00e9galement de pallier le manque d&#8217;analyses et d&#8217;outils pratiques pour des espaces situ\u00e9s dans des zones rurales, qui malgr\u00e9 leurs ressources limit\u00e9es, contribuent fortement \u00e0 la coh\u00e9sion territoriale et \u00e0 la revitalisation culturelle et sociale de leurs communaut\u00e9s.<\/p>\n","protected":false},"author":8,"featured_media":2216,"comment_status":"closed","ping_status":"open","sticky":false,"template":"","format":"standard","meta":{"site-sidebar-layout":"default","site-content-layout":"","ast-site-content-layout":"default","site-content-style":"default","site-sidebar-style":"default","ast-global-header-display":"","ast-banner-title-visibility":"","ast-main-header-display":"","ast-hfb-above-header-display":"","ast-hfb-below-header-display":"","ast-hfb-mobile-header-display":"","site-post-title":"","ast-breadcrumbs-content":"","ast-featured-img":"","footer-sml-layout":"","theme-transparent-header-meta":"","adv-header-id-meta":"","stick-header-meta":"","header-above-stick-meta":"","header-main-stick-meta":"","header-below-stick-meta":"","astra-migrate-meta-layouts":"default","ast-page-background-enabled":"default","ast-page-background-meta":{"desktop":{"background-color":"var(--ast-global-color-5)","background-image":"","background-repeat":"repeat","background-position":"center center","background-size":"auto","background-attachment":"scroll","background-type":"","background-media":"","overlay-type":"","overlay-color":"","overlay-opacity":"","overlay-gradient":""},"tablet":{"background-color":"","background-image":"","background-repeat":"repeat","background-position":"center center","background-size":"auto","background-attachment":"scroll","background-type":"","background-media":"","overlay-type":"","overlay-color":"","overlay-opacity":"","overlay-gradient":""},"mobile":{"background-color":"","background-image":"","background-repeat":"repeat","background-position":"center center","background-size":"auto","background-attachment":"scroll","background-type":"","background-media":"","overlay-type":"","overlay-color":"","overlay-opacity":"","overlay-gradient":""}},"ast-content-background-meta":{"desktop":{"background-color":"var(--ast-global-color-4)","background-image":"","background-repeat":"repeat","background-position":"center center","background-size":"auto","background-attachment":"scroll","background-type":"","background-media":"","overlay-type":"","overlay-color":"","overlay-opacity":"","overlay-gradient":""},"tablet":{"background-color":"var(--ast-global-color-4)","background-image":"","background-repeat":"repeat","background-position":"center center","background-size":"auto","background-attachment":"scroll","background-type":"","background-media":"","overlay-type":"","overlay-color":"","overlay-opacity":"","overlay-gradient":""},"mobile":{"background-color":"var(--ast-global-color-4)","background-image":"","background-repeat":"repeat","background-position":"center center","background-size":"auto","background-attachment":"scroll","background-type":"","background-media":"","overlay-type":"","overlay-color":"","overlay-opacity":"","overlay-gradient":""}},"footnotes":""},"categories":[29],"tags":[],"class_list":["post-2218","post","type-post","status-publish","format-standard","has-post-thumbnail","hentry","category-non-classe-ca"],"_links":{"self":[{"href":"https:\/\/www.patrim.net\/fr\/wp-json\/wp\/v2\/posts\/2218","targetHints":{"allow":["GET"]}}],"collection":[{"href":"https:\/\/www.patrim.net\/fr\/wp-json\/wp\/v2\/posts"}],"about":[{"href":"https:\/\/www.patrim.net\/fr\/wp-json\/wp\/v2\/types\/post"}],"author":[{"embeddable":true,"href":"https:\/\/www.patrim.net\/fr\/wp-json\/wp\/v2\/users\/8"}],"replies":[{"embeddable":true,"href":"https:\/\/www.patrim.net\/fr\/wp-json\/wp\/v2\/comments?post=2218"}],"version-history":[{"count":1,"href":"https:\/\/www.patrim.net\/fr\/wp-json\/wp\/v2\/posts\/2218\/revisions"}],"predecessor-version":[{"id":2219,"href":"https:\/\/www.patrim.net\/fr\/wp-json\/wp\/v2\/posts\/2218\/revisions\/2219"}],"wp:featuredmedia":[{"embeddable":true,"href":"https:\/\/www.patrim.net\/fr\/wp-json\/wp\/v2\/media\/2216"}],"wp:attachment":[{"href":"https:\/\/www.patrim.net\/fr\/wp-json\/wp\/v2\/media?parent=2218"}],"wp:term":[{"taxonomy":"category","embeddable":true,"href":"https:\/\/www.patrim.net\/fr\/wp-json\/wp\/v2\/categories?post=2218"},{"taxonomy":"post_tag","embeddable":true,"href":"https:\/\/www.patrim.net\/fr\/wp-json\/wp\/v2\/tags?post=2218"}],"curies":[{"name":"wp","href":"https:\/\/api.w.org\/{rel}","templated":true}]}}