{"id":2213,"date":"2021-07-09T11:35:48","date_gmt":"2021-07-09T10:35:48","guid":{"rendered":"http:\/\/www.patrim.net\/?p=2213"},"modified":"2021-09-09T10:37:01","modified_gmt":"2021-09-09T09:37:01","slug":"el-proyecto-patrim-publica-un-manual-para-contribuir-a-la-mejora-de-la-gestion-de-los-museos-locales","status":"publish","type":"post","link":"https:\/\/www.patrim.net\/fr\/el-proyecto-patrim-publica-un-manual-para-contribuir-a-la-mejora-de-la-gestion-de-los-museos-locales\/","title":{"rendered":"El proyecto Patrim+ publica un manual para contribuir a la mejora de la gesti\u00f3n de los museos locales"},"content":{"rendered":"\n<p><br><\/p>\n\n\n\n<p>Apoyar a los museos y centros locales a trav\u00e9s de contribuir a la\nmejora de su gesti\u00f3n y de avanzar en cuestiones de innovaci\u00f3n social es el\nobjetivo del manual publicado por el proyecto Patrim (Interreg Poctefa), que\nbusca, adem\u00e1s paliar la escasez de an\u00e1lisis y de herramientas pr\u00e1cticas para\nunos espacios situados en zonas rurales, que a pesar de recursos sus limitados,\ncontribuyen con fuerza a la cohesi\u00f3n territorial y a la dinamizaci\u00f3n cultural y\nsocial de sus comunidades.<\/p>\n\n\n\n<p>Bajo\nel t\u00edtulo \u201cPatrimonio y museos locales: temas claves para su gesti\u00f3n\u201d la publicaci\u00f3n\nes resultado de una de las acciones del proyecto PATRIM+ (Red Pirenaica de\nCentros de Patrimonio e Innovaci\u00f3n Rural) del programa INTERREG V A\nEspa\u00f1a-Francia-Andorra, POCTEFA 2014-2020. &nbsp;El proyecto Patrim+ est\u00e1 cofinanciado en un\n65% por el Fondo Europeo de Desarrollo Regional, FEDER. <\/p>\n\n\n\n<p>La\nedici\u00f3n ha sido dirigida por I\u00f1aki Arrieta Urtizberea e&nbsp; I\u00f1aki D\u00edaz\nBalerdi&nbsp; de la Universidad del Pa\u00eds Vasco\/Euskal Herriko Unibertsitatea\n(UPV\/EHU) y est\u00e1 disponible en el siguiente enlace: <a href=\"http:\/\/pasosonline.org\/Publicados\/pasosoedita\/PSEdita29.pdf\">http:\/\/pasosonline.org\/Publicados\/pasosoedita\/PSEdita29.pdf<\/a><\/p>\n\n\n\n<p>La iniciativa parte del objetivo de proporcionar a los miembros de\nlos museos, ecomuseos y centros de interpretaci\u00f3n que constituyen la red Patrim+,\ntodos ellos espacios situados en el Pirineo, herramientas para optimizar su\ngesti\u00f3n teniendo en cuenta sus especiales caracter\u00edsticas como son su enclave\nen entornos rurales y de monta\u00f1a, el car\u00e1cter multidisciplinar de sus equipos\nhumanos y el dinamismo cultural y social que, a pesar de su peque\u00f1o tama\u00f1o,\ngeneran en el territorio donde se ubican, as\u00ed como su creciente capacidad de\natraer a visitantes que buscan experiencias de turismo y ocio activo en\nenclaves de valor natural y patrimonial. <\/p>\n\n\n\n<p>De esta forma bajo la direcci\u00f3n del equipo de la Universidad del\nPa\u00eds Vasco\/Euskal Herriko Unibertsitatea (UPV\/EHU), el cual forma parte tambi\u00e9n\nde la Red, desde Patrim&nbsp; reunieron un\nconjunto de investigadores y especialistas en patrimonio y museos para analizar\ny desarrollar temas clave para la gesti\u00f3n de esos centros pirenaicos. <\/p>\n\n\n\n<p>A la hora de dise\u00f1ar esta acci\u00f3n se advirti\u00f3 la carencia que\nexiste en estudios y literatura centrada en la gesti\u00f3n de museos y centros de\npatrimonio locales, por lo que se decidi\u00f3 que pod\u00eda ser una aportaci\u00f3n novedosa\ny pr\u00e1ctica para cualquier persona que investigue o trabaje en centros de estas\ncaracter\u00edsticas. De esta forma se tom\u00f3 la decisi\u00f3n de publicar un manual con la\neditorial Pasos, especializada en turismo y patrimonio cultural. <\/p>\n\n\n\n<p>Como apunta Jean-No\u00ebl Vigneau, presidente de la Comunidad de\nMunicipios de Couserans-Pyr\u00e9n\u00e9es, PATRIM es la\nprimera red transfronteriza de museos, ecomuseos y centros de interpretaci\u00f3n\ndel patrimonio de los Pirineos. \u201cSe cre\u00f3 en el 2008 con un objetivo: el de\nestudiar y valorizar esta cordillera como conjunto cultural. Y tambi\u00e9n con la\nambici\u00f3n de que se pueden alcanzar grandes logros cuando se trabaja\nconjuntamente, a pesar de ser peque\u00f1as, a veces aisla\u00addas, estructuras\nculturales con recursos humanos y financieros limitados\u201d. <\/p>\n\n\n\n<p>Este manual, que busca ser pr\u00e1ctico y formativo, es\n\u201cla prueba de uno de esos logros gracias a la asociaci\u00f3n desarrollada con los\nnuevos miembros universitarios de la red\u201d. <\/p>\n\n\n\n<p><strong>17 temas clave<\/strong><\/p>\n\n\n\n<p>Como explican, la gesti\u00f3n de los museos y centros de patrimonio\ncomenz\u00f3 a&nbsp;ser cada vez m\u00e1s compleja desde los a\u00f1os 60 del pasado siglo.\nNuevos&nbsp;planteamientos museol\u00f3gicos y patrimoniales han emergido\ndesde&nbsp;entonces, redefiniendo significativamente sus objetivos y&nbsp;\nfunciones.&nbsp;Como sostiene el ICOM, adem\u00e1s de volcadas en sus colecciones,\nestas&nbsp;instituciones han de estar al servicio de la sociedad,&nbsp;\ncontribuir a su&nbsp;desarrollo y abiertos al cambio y diversidad de los bienes\nculturales.<\/p>\n\n\n\n<p>Partiendo de esas transformaciones la publicaci\u00f3n recoge 17 temas\nclave. Como explican I\u00f1aki Arrieta Urtizberea e&nbsp; I\u00f1aki D\u00edaz\nBalerdi&nbsp;que han dirigido la publicaci\u00f3n. \u201cTodos ellos son pertinentes en\nla gesti\u00f3n de cualquier museo o centro patrimonial y se han dividido en tres\ngrandes apartados. El primero, que aborda los temas clave del \u201cpatrimonio\u201d y la\n\u201cmuseolog\u00eda\u201d, se centra en cuestiones generales y contextualiza, adem\u00e1s, los\notros dos apartados\u201d. <\/p>\n\n\n\n<p>En el segundo, se recogen temas que se consideran <em>habituales<\/em> de los museos y centros de\npatrimonio pero adaptados a este contexto local: la \u201cgesti\u00f3n\u201d, la \u201ccolecci\u00f3n\u201d,\nla \u201cconservaci\u00f3n\u201d, la \u201cexposici\u00f3n\u201d, la \u201ceducaci\u00f3n patrimonial\u201d y, por \u00faltimo,\nlos \u201cp\u00fablicos\u201d. <\/p>\n\n\n\n<p>El tercer apartado re\u00fane temas que una persona especialista,\nt\u00e9cnica o investigadora en el campo del patrimonio y los museos \u201cno deber\u00eda\npasar por alto\u201d como son las \u201cidentidades\u201d, la \u201cmemoria\u201d, la \u201cdiversidad\ncultural\u201d, el \u201cg\u00e9nero\u201d, el \u201cpatrimonio cultural inmaterial\u201d, el \u201cpatrimonio\nnatural\u201d, la \u201cparticipaci\u00f3n\u201d, el \u201cturismo\u201d y las \u201ctecnolog\u00edas\u201d.<\/p>\n\n\n\n<p><strong>Lista de autoras y autores:<\/strong><\/p>\n\n\n\n<p>Abella,\nJordi (Ecomuseu de les Valls d\u2019\u00c0neu)<\/p>\n\n\n\n<p>Aguirre,\nCristina (K6 Gesti\u00f3n Cultural \/ Caserio-Museo Igartubeiti)<\/p>\n\n\n\n<p>Arrieta\nUrtizberea, I\u00f1aki (Universidad del Pa\u00eds Vasco\/Euskal Herriko Unibertsitatea)<\/p>\n\n\n\n<p>Beltran,\nOriol (Universitat de Barcelona)<\/p>\n\n\n\n<p>Bergeron, Yves (Universit\u00e9 du Qu\u00e9bec \u00e0 Montr\u00e9al)<\/p>\n\n\n\n<p>Chaboussou, Pauline (Communaut\u00e9 de Communes\nCouserans-Pyr\u00e9n\u00e9es)<\/p>\n\n\n\n<p>Chaumier,\nSerge (Universit\u00e9 d\u2019Artois)<\/p>\n\n\n\n<p>D\u00edaz\nBalerdi, I\u00f1aki (Universidad del Pa\u00eds Vasco\/Euskal Herriko Unibertsitatea)<\/p>\n\n\n\n<p>Estrada\nBonell, Ferran (Universitat de Barcelona)<\/p>\n\n\n\n<p>Fontal,\nOlaia (Universidad de Valladolid)<\/p>\n\n\n\n<p>G\u00f3mez\nEspinosa, Teresa (Museo Arqueol\u00f3gico Nacional)<\/p>\n\n\n\n<p>Ib\u00e1\u00f1ez-Etxeberria,\n\u00c1lex (Universidad del Pa\u00eds Vasco\/Euskal Herriko Unibertsitatea)<\/p>\n\n\n\n<p>Jim\u00e9nez-Esquinas,\nGuadalupe (Universidad de Santiago de Compostela)<\/p>\n\n\n\n<p>Loget, Violette (Universit\u00e9 du Qu\u00e9bec \u00e0 Montr\u00e9al \/\nUniversit\u00e9 Sorbonne Nouvelle)<\/p>\n\n\n\n<p>Luna,\nUrsula (Universidad del Pa\u00eds Vasco\/Euskal Herriko Unibertsitatea)<\/p>\n\n\n\n<p>Mairesse, Fran\u00e7ois (Universit\u00e9 Sorbonne Nouvelle)<\/p>\n\n\n\n<p>M\u00e1rmol\nCarta\u00f1\u00e1, Camila del (Universitat de Barcelona)<\/p>\n\n\n\n<p>Moreno\nMendoza, H\u00e9ctor (Universidad de Las Palmas de Gran Canaria)<\/p>\n\n\n\n<p>Mur, Jorge (Espacio Pirineos)<\/p>\n\n\n\n<p>Navajas Corral, \u00d3scar (Universidad de Alcal\u00e1)<\/p>\n\n\n\n<p>Pereiro, Xerardo (Universidade de Tr\u00e1s-os-Montes e Alto\nDouro)<\/p>\n\n\n\n<p>Roig\u00e9, Xavier (Universitat de Barcelona)<\/p>\n\n\n\n<p>Roura-Exp\u00f3sito, Joan (Instituto de Ciencias del\nPatrimonio. Incipit-CSIC)<\/p>\n\n\n\n<p>S\u00e1nchez-Carretero, Cristina (Instituto de Ciencias del\nPatrimonio. Incipit-CSIC)<\/p>\n\n\n\n<p>Sandri, Eva (Universit\u00e9 Montpellier Paul Val\u00e9ry 3)<\/p>\n\n\n\n<p>Santana-Talavera, Agust\u00edn (Universidad de La Laguna)<\/p>\n\n\n\n<p>Schall, C\u00e9line (Avignon Universit\u00e9 \/ Ville d\u2019Esch)<\/p>\n\n\n\n<p>Van Geert, Fabien (Universit\u00e9 Sorbonne Nouvelle)<\/p>\n\n\n\n<p>Viau-Courville, Mathieu (Fontys University of Applied\nSciences \/ Universit\u00e9 de Lorraine)<\/p>\n\n\n\n<p>Vilatte, Jean-Christophe (Avignon Universit\u00e9)<\/p>\n\n\n\n<p><strong>Proyecto\nPatrim+<\/strong><\/p>\n\n\n\n<p>El\nproyecto Patrim+ es una iniciativa enmarcada en el programa Interreg Poctefa\nque est\u00e1 cofinanciada en un 65% por el Fondo Europeo de Desarrollo Regional,\nFEDER. <\/p>\n\n\n\n<p>Forman parte de la Red Patrim los siguientes espacios situados en \u00e1reas\npirenaicas de Gipuzkoa, Huesca, Catalu\u00f1a, Hautes-Pyr\u00e9n\u00e9es, Ari\u00e8ge y\nHaute-Garonne.<\/p>\n\n\n\n<p>Castillo de Seix \u2013 Patrimonio de Couserans\n(Communaut\u00e9 de Communes Couserans-Pyr\u00e9n\u00e9es).<\/p>\n\n\n\n<p>Ecomuseu dels Valls d\u2019\u00c0neu (Lleida)<\/p>\n\n\n\n<p>Centro Santiago Ram\u00f3n y Cajal (Ayuntamiento de Ayerbe. Arag\u00f3n)<\/p>\n\n\n\n<p>Mus\u00e9e Larrey (Municipio de Beaud\u00e9an)<\/p>\n\n\n\n<p>Parque Cultural del R\u00edo Vero \u2013 Centro del arte rupestre (Comarca del\nSomontano de Barbastro)<\/p>\n\n\n\n<p>Museo del Auri\u00f1aciense (Aurignac. Francia)<\/p>\n\n\n\n<p>Espacio Pirineos,&nbsp;Centro de Creaci\u00f3n y Cultura del Pirineo,&nbsp;(Ayuntamiento\nde Graus)<\/p>\n\n\n\n<p>Casa Museo Igartubeitiu Baserria (Ezkio. Gipuzkoa)<\/p>\n\n\n\n<p>K6 empresa de Gesti\u00f3n Cultural (Gipuzkoa)<\/p>\n\n\n\n<p>Espacio Salto de Rold\u00e1n (Comarca Hoya de Huesca\/Plana de Uesca)<\/p>\n\n\n\n<p>Universidad del Pa\u00eds Vasco \/ Euskal Herriko Unibertsitatea<\/p>\n\n\n\n<p>Espai Or\u00edgens, Centre d\u2019Estudis del Patrimoni Arqueol\u00f2gic de la\nPrehist\u00f2ria, Universitat Aut\u00f2noma de Barcelona (Camarasa, Lleida)&nbsp;<\/p>\n","protected":false},"excerpt":{"rendered":"<p>Apoyar a los museos y centros locales a trav\u00e9s de contribuir a la mejora de su gesti\u00f3n y de avanzar en cuestiones de innovaci\u00f3n social es el objetivo del manual publicado por el proyecto Patrim (Interreg Poctefa), que busca, adem\u00e1s paliar la escasez de an\u00e1lisis y de herramientas pr\u00e1cticas para unos espacios situados en zonas rurales, que a pesar de recursos sus limitados, contribuyen con fuerza a la cohesi\u00f3n territorial y a la dinamizaci\u00f3n cultural y social de sus comunidades.<\/p>\n","protected":false},"author":8,"featured_media":2216,"comment_status":"closed","ping_status":"open","sticky":false,"template":"","format":"standard","meta":{"site-sidebar-layout":"default","site-content-layout":"","ast-site-content-layout":"default","site-content-style":"default","site-sidebar-style":"default","ast-global-header-display":"","ast-banner-title-visibility":"","ast-main-header-display":"","ast-hfb-above-header-display":"","ast-hfb-below-header-display":"","ast-hfb-mobile-header-display":"","site-post-title":"","ast-breadcrumbs-content":"","ast-featured-img":"","footer-sml-layout":"","theme-transparent-header-meta":"","adv-header-id-meta":"","stick-header-meta":"","header-above-stick-meta":"","header-main-stick-meta":"","header-below-stick-meta":"","astra-migrate-meta-layouts":"default","ast-page-background-enabled":"default","ast-page-background-meta":{"desktop":{"background-color":"var(--ast-global-color-5)","background-image":"","background-repeat":"repeat","background-position":"center center","background-size":"auto","background-attachment":"scroll","background-type":"","background-media":"","overlay-type":"","overlay-color":"","overlay-opacity":"","overlay-gradient":""},"tablet":{"background-color":"","background-image":"","background-repeat":"repeat","background-position":"center center","background-size":"auto","background-attachment":"scroll","background-type":"","background-media":"","overlay-type":"","overlay-color":"","overlay-opacity":"","overlay-gradient":""},"mobile":{"background-color":"","background-image":"","background-repeat":"repeat","background-position":"center center","background-size":"auto","background-attachment":"scroll","background-type":"","background-media":"","overlay-type":"","overlay-color":"","overlay-opacity":"","overlay-gradient":""}},"ast-content-background-meta":{"desktop":{"background-color":"var(--ast-global-color-4)","background-image":"","background-repeat":"repeat","background-position":"center center","background-size":"auto","background-attachment":"scroll","background-type":"","background-media":"","overlay-type":"","overlay-color":"","overlay-opacity":"","overlay-gradient":""},"tablet":{"background-color":"var(--ast-global-color-4)","background-image":"","background-repeat":"repeat","background-position":"center center","background-size":"auto","background-attachment":"scroll","background-type":"","background-media":"","overlay-type":"","overlay-color":"","overlay-opacity":"","overlay-gradient":""},"mobile":{"background-color":"var(--ast-global-color-4)","background-image":"","background-repeat":"repeat","background-position":"center center","background-size":"auto","background-attachment":"scroll","background-type":"","background-media":"","overlay-type":"","overlay-color":"","overlay-opacity":"","overlay-gradient":""}},"footnotes":""},"categories":[29],"tags":[],"class_list":["post-2213","post","type-post","status-publish","format-standard","has-post-thumbnail","hentry","category-non-classe-ca"],"_links":{"self":[{"href":"https:\/\/www.patrim.net\/fr\/wp-json\/wp\/v2\/posts\/2213","targetHints":{"allow":["GET"]}}],"collection":[{"href":"https:\/\/www.patrim.net\/fr\/wp-json\/wp\/v2\/posts"}],"about":[{"href":"https:\/\/www.patrim.net\/fr\/wp-json\/wp\/v2\/types\/post"}],"author":[{"embeddable":true,"href":"https:\/\/www.patrim.net\/fr\/wp-json\/wp\/v2\/users\/8"}],"replies":[{"embeddable":true,"href":"https:\/\/www.patrim.net\/fr\/wp-json\/wp\/v2\/comments?post=2213"}],"version-history":[{"count":4,"href":"https:\/\/www.patrim.net\/fr\/wp-json\/wp\/v2\/posts\/2213\/revisions"}],"predecessor-version":[{"id":2245,"href":"https:\/\/www.patrim.net\/fr\/wp-json\/wp\/v2\/posts\/2213\/revisions\/2245"}],"wp:featuredmedia":[{"embeddable":true,"href":"https:\/\/www.patrim.net\/fr\/wp-json\/wp\/v2\/media\/2216"}],"wp:attachment":[{"href":"https:\/\/www.patrim.net\/fr\/wp-json\/wp\/v2\/media?parent=2213"}],"wp:term":[{"taxonomy":"category","embeddable":true,"href":"https:\/\/www.patrim.net\/fr\/wp-json\/wp\/v2\/categories?post=2213"},{"taxonomy":"post_tag","embeddable":true,"href":"https:\/\/www.patrim.net\/fr\/wp-json\/wp\/v2\/tags?post=2213"}],"curies":[{"name":"wp","href":"https:\/\/api.w.org\/{rel}","templated":true}]}}