{"id":2186,"date":"2021-06-02T17:58:26","date_gmt":"2021-06-02T16:58:26","guid":{"rendered":"http:\/\/www.patrim.net\/?p=2186"},"modified":"2021-08-06T11:21:26","modified_gmt":"2021-08-06T10:21:26","slug":"el-proyecto-patrim-comparte-su-experiencia-transfronteriza-de-apoyo-e-innovacion-durante-la-pandemia","status":"publish","type":"post","link":"https:\/\/www.patrim.net\/fr\/el-proyecto-patrim-comparte-su-experiencia-transfronteriza-de-apoyo-e-innovacion-durante-la-pandemia\/","title":{"rendered":"El proyecto Patrim+ comparte su experiencia transfronteriza de apoyo e innovaci\u00f3n durante la pandemia"},"content":{"rendered":"\n<p><\/p>\n\n\n\n<p><em>La Red, que re\u00fane a centros de\nGipuzkoa, Arag\u00f3n, Catalu\u00f1a, Hautes-Pyr\u00e9n\u00e9es, Ari\u00e8ge y Haute-Garonne en Francia,\nha celebrado su primera rueda de prensa internacional y telem\u00e1tica en la que ha\nabordado cuestiones como la importancia social y en el impacto positivo de los\nespacios culturales en el territorio que se ha acentuado durante esta etapa\nexcepcional<\/em><\/p>\n\n\n\n<p><em>Entre las\nacciones realizadas de forma colaborativa durante la pandemia est\u00e1 la\nexposici\u00f3n \u201cCuando el mundo empez\u00f3&#8230;Mitos y Leyendas de los Pirineos\u201d que\ncombina soportes f\u00edsicos con contenidos digitales y que muestra la riqueza y\ndiversidad del patrimonio oral de los valles de las dos vertientes de la cadena\nmonta\u00f1osa<\/em><\/p>\n\n\n\n<p><em>En el\nencuentro con la prensa han tomado parte: Denis Puech, vicepresidente de la\nCommunaut\u00e9 de Communes Couserans-Pyr\u00e9n\u00e9es y delegado de Cultura (Arriege); Pauline&nbsp;Chaboussou,\nDirectora de Patrimonio de la Communaut\u00e9 de Communes Couserans-Pyr\u00e9n\u00e9es\n(Arriege); &nbsp;Jordi Abella\nDirector&nbsp;Ecomuseu de les valls d&#8217;\u00c0neu (Lleida) Jos\u00e9 Luis Gallego,\nresponsable del proyecto Patrim+ en Ayerbe (Huesca) y Kizkitza Ugarteburu,\ncoordinadora del Caser\u00edo Museo Igatubeiti (Eskio, Gipuzkoa) e &nbsp;I\u00f1aki\nArrieta, doctor en antropolog\u00eda social y cultural y profesor de la Universidad\ndel Pa\u00eds Vasco\/Herriko Unibertsitea<\/em><\/p>\n\n\n\n<figure class=\"wp-block-image\"><img fetchpriority=\"high\" decoding=\"async\" width=\"1024\" height=\"472\" src=\"http:\/\/www.patrim.net\/wp-content\/uploads\/2021\/06\/Captura-de-pantalla-2021-06-01-a-las-12.08.37-1024x472.png\" alt=\"\" class=\"wp-image-2190\" srcset=\"https:\/\/www.patrim.net\/wp-content\/uploads\/2021\/06\/Captura-de-pantalla-2021-06-01-a-las-12.08.37-1024x472.png 1024w, https:\/\/www.patrim.net\/wp-content\/uploads\/2021\/06\/Captura-de-pantalla-2021-06-01-a-las-12.08.37-600x277.png 600w, https:\/\/www.patrim.net\/wp-content\/uploads\/2021\/06\/Captura-de-pantalla-2021-06-01-a-las-12.08.37-300x138.png 300w, https:\/\/www.patrim.net\/wp-content\/uploads\/2021\/06\/Captura-de-pantalla-2021-06-01-a-las-12.08.37-768x354.png 768w, https:\/\/www.patrim.net\/wp-content\/uploads\/2021\/06\/Captura-de-pantalla-2021-06-01-a-las-12.08.37-830x383.png 830w, https:\/\/www.patrim.net\/wp-content\/uploads\/2021\/06\/Captura-de-pantalla-2021-06-01-a-las-12.08.37-230x106.png 230w, https:\/\/www.patrim.net\/wp-content\/uploads\/2021\/06\/Captura-de-pantalla-2021-06-01-a-las-12.08.37-350x161.png 350w, https:\/\/www.patrim.net\/wp-content\/uploads\/2021\/06\/Captura-de-pantalla-2021-06-01-a-las-12.08.37-480x221.png 480w\" sizes=\"(max-width: 1024px) 100vw, 1024px\" \/><\/figure>\n\n\n\n<p>Necesarios para el futuro de las \u00e1reas de monta\u00f1a\ny frente a la despoblaci\u00f3n, seguros y con capacidad de innovar a partir de los\nrecursos disponibles, de digitalizarse y buscar nuevas v\u00edas de comunicaci\u00f3n y\ntrabajo conjunto superando las fronteras. Estas son algunas de las positivas\nconclusiones de la experiencia durante la pandemia de los centros que forman\nparte del proyecto Patrim+ (Interreg Poctefa), una red transfronteriza de\nespacios culturales, de patrimonio y naturales de los Pirineos, que han visto\ncomo el p\u00fablico respond\u00eda a unas iniciativas que sacaban el museo a la\nnaturaleza o integraban lo virtual con el patrimonio y el territorio en una\nsituaci\u00f3n tan excepcional como la actual. <\/p>\n\n\n\n<p>La bienvenida en este encuentro con la prensa\ncorri\u00f3 a cargo de Denis Puech, vicepresidente de la Communaut\u00e9 de Communes\nCouserans-Pyr\u00e9n\u00e9es y delegado de Cultura (Arriege) quien explic\u00f3 que el\nproyecto&nbsp; Patrim+ &nbsp;est\u00e1 formado por 11 socios entre los que la\nmayor parte son centros de patrimonio y cultura del \u00e1rea pirenaica, as\u00ed como dos\nuniversidades y una empresa de gesti\u00f3n cultural. <\/p>\n\n\n\n<p>Se trata de una iniciativa enmarcada en el\nprograma Interreg Poctefa que est\u00e1 cofinanciada en un 65% por el Fondo Europeo\nde Desarrollo Regional, FEDER. Puech ha destacado que \u201cun sector tan castigado\npor la pandemia como ha sido la cultura\u201d la cooperaci\u00f3n en esta red europea ha\nsido clave para \u201cpoder readaptarse y reinventarse\u201d logrando \u201cno parar y seguir\ngenerando actividad y reflexi\u00f3n\u201d.<\/p>\n\n\n\n<figure class=\"wp-block-image\"><img decoding=\"async\" width=\"900\" height=\"600\" src=\"http:\/\/www.patrim.net\/wp-content\/uploads\/2021\/06\/Le-Cha\u0302teau-de-Seix-Arie\u0300ge-France-photo-Serge-Lamaze\u0300re-Communaute\u0301-de-Communes-Couserans-Pyre\u0301ne\u0301es.jpg\" alt=\"\" class=\"wp-image-2193\" srcset=\"https:\/\/www.patrim.net\/wp-content\/uploads\/2021\/06\/Le-Cha\u0302teau-de-Seix-Arie\u0300ge-France-photo-Serge-Lamaze\u0300re-Communaute\u0301-de-Communes-Couserans-Pyre\u0301ne\u0301es.jpg 900w, https:\/\/www.patrim.net\/wp-content\/uploads\/2021\/06\/Le-Cha\u0302teau-de-Seix-Arie\u0300ge-France-photo-Serge-Lamaze\u0300re-Communaute\u0301-de-Communes-Couserans-Pyre\u0301ne\u0301es-600x400.jpg 600w, https:\/\/www.patrim.net\/wp-content\/uploads\/2021\/06\/Le-Cha\u0302teau-de-Seix-Arie\u0300ge-France-photo-Serge-Lamaze\u0300re-Communaute\u0301-de-Communes-Couserans-Pyre\u0301ne\u0301es-300x200.jpg 300w, https:\/\/www.patrim.net\/wp-content\/uploads\/2021\/06\/Le-Cha\u0302teau-de-Seix-Arie\u0300ge-France-photo-Serge-Lamaze\u0300re-Communaute\u0301-de-Communes-Couserans-Pyre\u0301ne\u0301es-768x512.jpg 768w, https:\/\/www.patrim.net\/wp-content\/uploads\/2021\/06\/Le-Cha\u0302teau-de-Seix-Arie\u0300ge-France-photo-Serge-Lamaze\u0300re-Communaute\u0301-de-Communes-Couserans-Pyre\u0301ne\u0301es-830x553.jpg 830w, https:\/\/www.patrim.net\/wp-content\/uploads\/2021\/06\/Le-Cha\u0302teau-de-Seix-Arie\u0300ge-France-photo-Serge-Lamaze\u0300re-Communaute\u0301-de-Communes-Couserans-Pyre\u0301ne\u0301es-230x153.jpg 230w, https:\/\/www.patrim.net\/wp-content\/uploads\/2021\/06\/Le-Cha\u0302teau-de-Seix-Arie\u0300ge-France-photo-Serge-Lamaze\u0300re-Communaute\u0301-de-Communes-Couserans-Pyre\u0301ne\u0301es-350x233.jpg 350w, https:\/\/www.patrim.net\/wp-content\/uploads\/2021\/06\/Le-Cha\u0302teau-de-Seix-Arie\u0300ge-France-photo-Serge-Lamaze\u0300re-Communaute\u0301-de-Communes-Couserans-Pyre\u0301ne\u0301es-480x320.jpg 480w, https:\/\/www.patrim.net\/wp-content\/uploads\/2021\/06\/Le-Cha\u0302teau-de-Seix-Arie\u0300ge-France-photo-Serge-Lamaze\u0300re-Communaute\u0301-de-Communes-Couserans-Pyre\u0301ne\u0301es-272x182.jpg 272w\" sizes=\"(max-width: 900px) 100vw, 900px\" \/><\/figure>\n\n\n\n<p>Forman parte de la Red Patrim los siguientes\nespacios situados en \u00e1reas pirenaicas Gipuzkoa, Huesca, Catalu\u00f1a, Hautes-Pyr\u00e9n\u00e9es,\nAri\u00e8ge y Haute-Garonne.<\/p>\n\n\n\n<p>Castillo de Seix \u2013 Patrimonio de\nCouserans (Communaut\u00e9 de Communes Couserans-Pyr\u00e9n\u00e9es). <\/p>\n\n\n\n<p>Ecomuseu dels Valls d\u2019\u00c0neu\n(Lleida)<\/p>\n\n\n\n<p>Centro Santiago Ram\u00f3n y Cajal\n(Ayuntamiento de Ayerbe. Arag\u00f3n)<\/p>\n\n\n\n<p>Mus\u00e9e Larrey (Municipio de\nBeaud\u00e9an)<\/p>\n\n\n\n<p>Parque Cultural del R\u00edo Vero \u2013\nCentro del arte rupestre (Comarca del Somontano de Barbastro)<\/p>\n\n\n\n<p>Museo del Auri\u00f1aciense (Aurignac.\nFrancia)<\/p>\n\n\n\n<p>Espacio Pirineos,&nbsp;<a href=\"https:\/\/espaciopirineos.com\/\">Centro\nde Creaci\u00f3n y Cultura del Pirineo,<\/a>&nbsp;(Ayuntamiento de Graus)<\/p>\n\n\n\n<p>Casa Museo Igartubeitiu Baserria\n(Ezkio. Gipuzkoa) <\/p>\n\n\n\n<p>K6 empresa de Gesti\u00f3n Cultural\n(Gipuzkoa)<\/p>\n\n\n\n<p>Espacio Salto de Rold\u00e1n (Comarca\nHoya de Huesca\/Plana de Uesca)<\/p>\n\n\n\n<p>Universidad del Pa\u00eds Vasco \/\nEuskal Herriko Unibertsitatea<\/p>\n\n\n\n<p>Espai Or\u00edgens, Centre d&#8217;Estudis\ndel Patrimoni Arqueol\u00f2gic de la Prehist\u00f2ria, Universitat Aut\u00f2noma de Barcelona\n(Camarasa, Lleida)&nbsp;<\/p>\n\n\n\n<p>De esta forma a pesar de los confinamientos y de\nla variable situaci\u00f3n en los diferentes territorios, lograron dise\u00f1ar\ncolaborativamente \u201ccon 10 espacios de la Red y exclusivamente en teletrabajo\ndurante el primer confinamiento de 2020\u201d una exposici\u00f3n adaptada a los\nprotocolos COVID-19. La exposici\u00f3n combina soportes f\u00edsicos con contenidos\ndigitales y est\u00e1 pensada para su itinerancia como ha explicado Pauline\nChaboussou, Directora de Patrimonio y del Centro de Cultura y Patrimonio de la\nCommunaut\u00e9 de Communes Couserans-Pyr\u00e9n\u00e9es en Ari\u00e8ge, Francia, entidad est\u00e1\n\u00faltima que ha coordinado la propuesta bajo el t\u00edtulo \u201cCuando el mundo\nempez\u00f3&#8230;Mitos y Leyendas de los Pirineos\u201d. <\/p>\n\n\n\n<figure class=\"wp-block-image\"><img decoding=\"async\" width=\"1024\" height=\"784\" src=\"http:\/\/www.patrim.net\/wp-content\/uploads\/2021\/06\/CentroRamo\u0301nyCajalAyerbe-1024x784.jpg\" alt=\"\" class=\"wp-image-2196\" srcset=\"https:\/\/www.patrim.net\/wp-content\/uploads\/2021\/06\/CentroRamo\u0301nyCajalAyerbe-1024x784.jpg 1024w, https:\/\/www.patrim.net\/wp-content\/uploads\/2021\/06\/CentroRamo\u0301nyCajalAyerbe-600x459.jpg 600w, https:\/\/www.patrim.net\/wp-content\/uploads\/2021\/06\/CentroRamo\u0301nyCajalAyerbe-300x230.jpg 300w, https:\/\/www.patrim.net\/wp-content\/uploads\/2021\/06\/CentroRamo\u0301nyCajalAyerbe-768x588.jpg 768w, https:\/\/www.patrim.net\/wp-content\/uploads\/2021\/06\/CentroRamo\u0301nyCajalAyerbe-830x635.jpg 830w, https:\/\/www.patrim.net\/wp-content\/uploads\/2021\/06\/CentroRamo\u0301nyCajalAyerbe-230x176.jpg 230w, https:\/\/www.patrim.net\/wp-content\/uploads\/2021\/06\/CentroRamo\u0301nyCajalAyerbe-350x268.jpg 350w, https:\/\/www.patrim.net\/wp-content\/uploads\/2021\/06\/CentroRamo\u0301nyCajalAyerbe-480x368.jpg 480w\" sizes=\"(max-width: 1024px) 100vw, 1024px\" \/><\/figure>\n\n\n\n<p>\u201cLos mitos son importantes porque forman parte de\nnosotros mismos. Las relaciones de la tierra con lo desconocido, lo\ninexplorado, lo incomprensible han sido explicadas a trav\u00e9s de conocimientos y\nlas creencias que de alguna forma ten\u00edan por objetivo lograr que la realidad\nfuera m\u00e1s habitable\u201d, ha asegurado Chaboussou. Realizada en cuatro lenguas\n-franc\u00e9s, castellano, euskera y catal\u00e1n- la exposici\u00f3n \u201cmuestra la riqueza y\ndiversidad del patrimonio oral conservada en los valles de las dos vertientes\nde la cadena monta\u00f1osa y al mismo tiempo la incontestable unidad cultural de\nlos Pirineos\u201d.<\/p>\n\n\n\n<p>La experiencia de la exposici\u00f3n se ver\u00e1 prolongada\ncon la edici\u00f3n de un libro cuya salida est\u00e1 prevista este verano.<\/p>\n\n\n\n<p>As\u00ed mismo, ese elemento po\u00e9tico y evocador com\u00fan\nque une los diferentes espacios del Pirineo se ve reflejado en el video del proyecto\nque fue grabado tambi\u00e9n en plena pandemia, respetando las condiciones de cada\nterritorio. <\/p>\n\n\n\n<p>Est\u00e1 disponible en los cuatro idiomas del proyecto en el canal del YouTube del mismo: <a href=\"https:\/\/www.youtube.com\/channel\/UCwHvEfQc4QNBEfTYPCmuHSw\">https:\/\/www.youtube.com\/channel\/UCwHvEfQc4QNBEfTYPCmuHSw<\/a><\/p>\n\n\n\n<p><\/p>\n\n\n\n<p><strong>\u00c9xito de la Jornada de estudio\n\u201cMujeres pirenaicas que han movido monta\u00f1as\u201d<\/strong><\/p>\n\n\n\n<p>Tambi\u00e9n va a dar lugar a una publicaci\u00f3n otra iniciativa Patrim+. As\u00ed, el\nMuseo de Larrey en Beaud\u00e9an (Francia) con el apoyo de la Communaut\u00e9 de Communes\nCouserans-Pyr\u00e9n\u00e9es organiz\u00f3 una jornada de trabajo en el marco del proyecto\neuropeo Patrim+ (Interreg Poctefa) sobre unas mujeres de excepci\u00f3n \u201cdesde la\nprehistoria a nuestros d\u00edas\u201d. <\/p>\n\n\n\n<p>La iniciativa reconvertida en un encuentro on line\nsirvi\u00f3 para poner en valor la perspectiva de g\u00e9nero y la importancia del papel\nde la mujeres en el mundo pirenaico que no ha tenido su reflejo en el relato\nhist\u00f3rico tradicional. \u201cA menudo desconocidas, olvidadas, convertidas en\ninvisibles porque sus opiniones, sus acciones, su modo de vida no correspond\u00edan\nal papel impuesto a las mujeres en su \u00e9poca, estas mujeres pirenaicas deber\u00edan\nhaber marcado la historia\u201d.<\/p>\n\n\n\n<p>Las ponencias expuestas as\u00ed como investigaciones\ncomplementarias dar\u00e1n lugar a una publicaci\u00f3n a finales de 2021.<\/p>\n\n\n\n<p><strong>I<\/strong><strong>mportancia de estar en red <\/strong><\/p>\n\n\n\n<p>\u201cNo\nhay duda que el trabajo en red ha sido una de las grandes ayudas durante esta pandemia\u201d, a\u00f1ade Jordi Abella, responsable\ndel Ecomuseu de les valls d&#8217;\u00c0neu en Esterri d&#8217;\u00c0neu, Lleida. <strong>&nbsp;\u201c<\/strong>Gracias a PATRIM hemos podido mejorar la comunicaci\u00f3n\nen el \u00e1mbito local y llegar a un mayor p\u00fablico\u201d.<strong><\/strong><\/p>\n\n\n\n<p>\u201cHemos reflexionado y aprendido mucho sobre la funci\u00f3n\nsocial de los museos y como las redes son un instrumento b\u00e1sico para la\nsupervivencia y el futuro del Pirineo\u201d, como ha apuntado Abella. \u201cCreo que se\nha demostrado que los museos son espacios seguros\u201d. Es significativo, por\nejemplo, que incluso con \u201clas restricciones de aforamiento durante el verano\ndel 2020 hemos tenido un 20% m\u00e1s de visitantes que el verano anterior\u201d,\naseguran.<\/p>\n\n\n\n<p>Esto se ha debido a un\nincremento del turismo de proximidad en el Pirineo, un descubrimiento y\nrevalorizaci\u00f3n del patrimonio cercano, muchas veces desconocido y la\ncreatividad a la hora de plantear actividades al aire libre. Adem\u00e1s de\ncentrarse estrat\u00e9gicamente en \u201cun p\u00fablico familiar\u201d.<\/p>\n\n\n\n<p>Para el Caserio Museo Igartubeiti situado en Ezkio en\nGipuzkoa el reto &nbsp;tambi\u00e9n ha sido\nprofundizar en la relaci\u00f3n entre arte, cultura y la poblaci\u00f3n local.&nbsp; \u201cMientras el museo estuvo cerrado programamos\niniciativas como charlas y podcast sobre los\/as baserritarras ante el\ncoronavirus e iniciativas como Saborea el Museo en el que se un\u00eda gastronom\u00eda\nmulticultural y el patrimonio\u201d. Para la reapertura, \u201cincorporamos c\u00f3digos QR\npara que los y las visitante accedieran a los contenidos evitando el contacto\nf\u00edsico\u201d, como ha explicado Kizkitza Ugarteburu, coordinadora del Caser\u00edo Museo\nIgartubeiti.<\/p>\n\n\n\n<p>Las\nclaves para la reapertura conllevan, adem\u00e1s una importante reflexi\u00f3n sobre el\npapel de los espacios expositivos y culturales. As\u00ed trabajaron diferentes\naspectos como el Museo como \u201cespacio seguro\u201d, \u201cexpandido, sacando su\nprogramaci\u00f3n y actividades al espacio p\u00fablico\u201d. Tambi\u00e9n optaron por el\n\u201cmicromuseo\u201d ofreciendo \u201cgrandes historias en pocas palabras y para grupos\nreducidos\u201d. As\u00ed mismo profundizaron en el Museo h\u00edbrido, tanto presencial como\nonline y conectado. Se trata de \u201creforzar redes con el entorno local. Explorar\ny abrir nuevas redes m\u00e1s all\u00e1 de lo local, tanto estatales como\ninternacionales\u201d.<\/p>\n\n\n\n<p><strong>Producto, patrimonio y\nterritorio<\/strong><strong><\/strong><\/p>\n\n\n\n<p>Por su parte, Jos\u00e9 Luis Gallego, responsable del\nproyecto Patrim+ en Ayerbe ha abordado como se ha est\u00e1 poniendo en marcha una\niniciativa de dinamizaci\u00f3n\n\u201cProducto, patrimonio y territorio\u201d. Se trata\nde \u201cuna selecci\u00f3n de producto local de comarcas y departamentos del \u00e1mbito de\nactuaci\u00f3n de la Red PATRIM, que se distingan por su calidad, autenticidad y\nresponsabilidad con la sostenibilidad cultural y ambiental, a modo de\nescaparate de un legado y oportunidad de desarrollo local\u201d, ha explicado. As\u00ed\nel concepto de patrimonio se amplia y abarca cuestiones como la gastronom\u00eda, la\nm\u00fasica, o los conocimientos inmateriales. <\/p>\n\n\n\n<p>En su caso el Centro de Interpretaci\u00f3n Ram\u00f3n y Cajal de\nAyerbe ya lo est\u00e1 poniendo en marcha en colaboraci\u00f3n con la Comarca de la Hoya\nde Huesca.<\/p>\n\n\n\n<p>Adem\u00e1s, Gallego adelant\u00f3 que desde Patrim est\u00e1n\ntrabajando para convertirse en una agrupaci\u00f3n territorial estable que puede\noperar a nivel europeo. <\/p>\n\n\n\n<p><strong>Dise\u00f1o y edici\u00f3n del manual\n\u201cPatrimonio y Museos Locales. Temas claves para su gesti\u00f3n\u201d<\/strong><\/p>\n\n\n\n<p>Una buena\nmuestra de la colaboraci\u00f3n entre el \u00e1mbito acad\u00e9mico y los centros sobre el\nterreno es el manual \u201cPatrimonio y Museos Locales. Temas claves para su\ngesti\u00f3n\u201d, fruto del proyecto Patrim+. Como explic\u00f3&nbsp; &nbsp;I\u00f1aki Arrieta, doctor en antropolog\u00eda\nsocial y cultural y profesor de la Universidad del Pa\u00eds Vasco\/Herriko\nUnibertsitea esta iniciativa busca que \u201cel conocimiento repercuta en el\nterritorio\u201d y tiene por objetivo contribuir a fortalecer las competencias de\nlas personas de centros que por ser \u201cm\u00e1s peque\u00f1os y locales\u201d habitualmente no\nson abordados en los estudios acad\u00e9micos a pesar de su importancia sobre el\nterreno.<\/p>\n","protected":false},"excerpt":{"rendered":"<p>La Red, que re\u00fane a centros de Gipuzkoa, Arag\u00f3n, Catalu\u00f1a, Hautes-Pyr\u00e9n\u00e9es, Ari\u00e8ge y Haute-Garonne en Francia, ha celebrado su primera rueda de prensa internacional y telem\u00e1tica en la que ha abordado cuestiones como la importancia social y en el impacto positivo de los espacios culturales en el territorio que se ha acentuado durante esta etapa excepcional<\/p>\n","protected":false},"author":8,"featured_media":2187,"comment_status":"closed","ping_status":"open","sticky":false,"template":"","format":"standard","meta":{"site-sidebar-layout":"default","site-content-layout":"","ast-site-content-layout":"default","site-content-style":"default","site-sidebar-style":"default","ast-global-header-display":"","ast-banner-title-visibility":"","ast-main-header-display":"","ast-hfb-above-header-display":"","ast-hfb-below-header-display":"","ast-hfb-mobile-header-display":"","site-post-title":"","ast-breadcrumbs-content":"","ast-featured-img":"","footer-sml-layout":"","theme-transparent-header-meta":"","adv-header-id-meta":"","stick-header-meta":"","header-above-stick-meta":"","header-main-stick-meta":"","header-below-stick-meta":"","astra-migrate-meta-layouts":"default","ast-page-background-enabled":"default","ast-page-background-meta":{"desktop":{"background-color":"var(--ast-global-color-5)","background-image":"","background-repeat":"repeat","background-position":"center center","background-size":"auto","background-attachment":"scroll","background-type":"","background-media":"","overlay-type":"","overlay-color":"","overlay-opacity":"","overlay-gradient":""},"tablet":{"background-color":"","background-image":"","background-repeat":"repeat","background-position":"center center","background-size":"auto","background-attachment":"scroll","background-type":"","background-media":"","overlay-type":"","overlay-color":"","overlay-opacity":"","overlay-gradient":""},"mobile":{"background-color":"","background-image":"","background-repeat":"repeat","background-position":"center center","background-size":"auto","background-attachment":"scroll","background-type":"","background-media":"","overlay-type":"","overlay-color":"","overlay-opacity":"","overlay-gradient":""}},"ast-content-background-meta":{"desktop":{"background-color":"var(--ast-global-color-4)","background-image":"","background-repeat":"repeat","background-position":"center center","background-size":"auto","background-attachment":"scroll","background-type":"","background-media":"","overlay-type":"","overlay-color":"","overlay-opacity":"","overlay-gradient":""},"tablet":{"background-color":"var(--ast-global-color-4)","background-image":"","background-repeat":"repeat","background-position":"center center","background-size":"auto","background-attachment":"scroll","background-type":"","background-media":"","overlay-type":"","overlay-color":"","overlay-opacity":"","overlay-gradient":""},"mobile":{"background-color":"var(--ast-global-color-4)","background-image":"","background-repeat":"repeat","background-position":"center center","background-size":"auto","background-attachment":"scroll","background-type":"","background-media":"","overlay-type":"","overlay-color":"","overlay-opacity":"","overlay-gradient":""}},"footnotes":""},"categories":[29],"tags":[],"class_list":["post-2186","post","type-post","status-publish","format-standard","has-post-thumbnail","hentry","category-non-classe-ca"],"_links":{"self":[{"href":"https:\/\/www.patrim.net\/fr\/wp-json\/wp\/v2\/posts\/2186","targetHints":{"allow":["GET"]}}],"collection":[{"href":"https:\/\/www.patrim.net\/fr\/wp-json\/wp\/v2\/posts"}],"about":[{"href":"https:\/\/www.patrim.net\/fr\/wp-json\/wp\/v2\/types\/post"}],"author":[{"embeddable":true,"href":"https:\/\/www.patrim.net\/fr\/wp-json\/wp\/v2\/users\/8"}],"replies":[{"embeddable":true,"href":"https:\/\/www.patrim.net\/fr\/wp-json\/wp\/v2\/comments?post=2186"}],"version-history":[{"count":7,"href":"https:\/\/www.patrim.net\/fr\/wp-json\/wp\/v2\/posts\/2186\/revisions"}],"predecessor-version":[{"id":2225,"href":"https:\/\/www.patrim.net\/fr\/wp-json\/wp\/v2\/posts\/2186\/revisions\/2225"}],"wp:featuredmedia":[{"embeddable":true,"href":"https:\/\/www.patrim.net\/fr\/wp-json\/wp\/v2\/media\/2187"}],"wp:attachment":[{"href":"https:\/\/www.patrim.net\/fr\/wp-json\/wp\/v2\/media?parent=2186"}],"wp:term":[{"taxonomy":"category","embeddable":true,"href":"https:\/\/www.patrim.net\/fr\/wp-json\/wp\/v2\/categories?post=2186"},{"taxonomy":"post_tag","embeddable":true,"href":"https:\/\/www.patrim.net\/fr\/wp-json\/wp\/v2\/tags?post=2186"}],"curies":[{"name":"wp","href":"https:\/\/api.w.org\/{rel}","templated":true}]}}