{"id":2151,"date":"2021-01-27T17:43:45","date_gmt":"2021-01-27T16:43:45","guid":{"rendered":"http:\/\/www.patrim.net\/?p=2151"},"modified":"2021-01-27T17:48:00","modified_gmt":"2021-01-27T16:48:00","slug":"representantes-de-pratim-asisten-al-i-foro-internacional-de-interpretacion-del-patrimonio-cultural-en-clave-de-genero","status":"publish","type":"post","link":"https:\/\/www.patrim.net\/fr\/representantes-de-pratim-asisten-al-i-foro-internacional-de-interpretacion-del-patrimonio-cultural-en-clave-de-genero\/","title":{"rendered":"Representantes de Pratim+ asisten al \u201cI Foro Internacional de Interpretaci\u00f3n del patrimonio Cultural en clave de G\u00e9nero&#8221;"},"content":{"rendered":"\n<p>Representantes del proyecto Pratim+ han asistido al \u201cI Foro Internacional de Interpretaci\u00f3n del patrimonio Cultural en clave de G\u00e9nero&#8221; organizado por Women Legacy y la Diputaci\u00f3n Foral de Bizkaia. Se busca incorporar este aprendizaje compartido al proyecto Patrim+ que est\u00e1 trabajando en c\u00f3mo incorporar y potenciar la perspectiva de g\u00e9nero a las acciones y programas de los centros y museos que forman parte de la red. <\/p>\n\n\n\n<p>En\nconcreto, han estado presentes en el Foro Internacional representantes de K6\nGesti\u00f3n Cultural y del Caser\u00edo Museo Igartubeiti. En el mismo se han abordado\ncuestiones como el Women Storytelling o c\u00f3mo comunicar el patrimonio cultural en\nclave de g\u00e9nero, la incorporaci\u00f3n de mujeres relevantes por su acci\u00f3n cultural,\npol\u00edtica, hist\u00f3rica o profesional en los proyecto de difusi\u00f3n y la socializaci\u00f3n\ndel patrimonio de las mujeres, entre otras tem\u00e1ticas.<\/p>\n\n\n\n<p>La visibilizaci\u00f3n de las mujeres como agentes culturales, cient\u00edficas,\nsociales y de decisi\u00f3n es una l\u00ednea de trabajo estrat\u00e9gica en el proyecto Patrim+\n(Interreg Poctefa), que se ve reforzada por el compromiso de entidades socias.<\/p>\n\n\n\n<p>As\u00ed, por poner solo algunos ejemplos, El <em>Joc de Dames<\/em> es un proyecto de divulgaci\u00f3n hist\u00f3rica que surge de\nuna filosof\u00eda de vida: el feminismo y la igualdad entre las personas. Como explican\ndesde el Ecomuseu del Vall d&#8217;\u00c0neu en Lerida, comenz\u00f3 con la coordinaci\u00f3n de las\nvisitas guiadas de 4 espacios del Pallars: el castillo de Mur, Santa Maria de\nGerri, Sant Pere del Burgal y Santa Maria de \u00c0neu. Ahora incluye dos edificios\nm\u00e1s: la catedral de la Seu d&#8217;Urgell y el castillo de Valencia d&#8217;\u00c0neu. Permite\ndescubrir a las mujeres con poder en el condado de Pallars en el siglo XII,\nadem\u00e1s de representar con visitas\nteatralizadas el papel preponderante de las mujeres en la vida rural en el\nsiglo XIX y XX. <\/p>\n\n\n\n<p>Otro\nejemplo de buena pr\u00e1ctica en el Caser\u00edo Museo Igartubeiti que propone actividades centradas en las mujeres\ny pone en valor su herencia en el entorno: sus papeles fundamentales no solo en\nla organizaci\u00f3n de la casa y los cuidados como eje de la comunidad, sino\ntambi\u00e9n en la medicina tradicional. <\/p>\n\n\n\n<p>As\u00ed mismo en el marco de Patrim+ se han generado residencias y exposiciones\nde artistas contempor\u00e1neas cuyo eje central han sido las mujeres y el\nterritorio. En concreto, en 2019 como acciones de este proyecto europeo se\norganiz\u00f3 una residencia art\u00edstica transfronteriza conjunta entre 3 entidades\nsocias, Igartubeiti, Ch\u00e2teau de Seix et Espacio Pirineos de Graus, en la que\ntomaron parte cuatro mujeres artistas, entre ellas la core\u00f3grafa Violeta\nBorruel que cre\u00f3 un espect\u00e1culo en homenaje a las llamadas golondrinas, las\nj\u00f3venes aragonesas que emigraban cada oto\u00f1o para trabajar en las f\u00e1bricas del\notro lado de la frontera.<\/p>\n\n\n\n<p>Por su parte en noviembre de 2020, el Mus\u00e9e Larrey \u00e0 Beaud\u00e9an (Hautes-Pyr\u00e9n\u00e9es),\ncon el apoyo de la Communaut\u00e9 de Communes Couserans-Pyr\u00e9n\u00e9es, organiz\u00f3 una\njornada de estudio Patrim+&nbsp;sobre las mujeres pirenaicas a trav\u00e9s de la\nhistoria. <\/p>\n","protected":false},"excerpt":{"rendered":"<p>Representantes del proyecto Pratim+ han asistido al \u201cI Foro Internacional de Interpretaci\u00f3n del patrimonio Cultural en clave de G\u00e9nero&#8221; organizado por Women Legacy y la Diputaci\u00f3n Foral de Bizkaia. Se busca incorporar este aprendizaje compartido al proyecto Patrim+ que est\u00e1 trabajando en c\u00f3mo incorporar y potenciar la perspectiva de g\u00e9nero a las acciones y programas de los centros y museos que forman parte de la red. <\/p>\n","protected":false},"author":8,"featured_media":2153,"comment_status":"closed","ping_status":"open","sticky":false,"template":"","format":"standard","meta":{"site-sidebar-layout":"default","site-content-layout":"","ast-site-content-layout":"default","site-content-style":"default","site-sidebar-style":"default","ast-global-header-display":"","ast-banner-title-visibility":"","ast-main-header-display":"","ast-hfb-above-header-display":"","ast-hfb-below-header-display":"","ast-hfb-mobile-header-display":"","site-post-title":"","ast-breadcrumbs-content":"","ast-featured-img":"","footer-sml-layout":"","theme-transparent-header-meta":"","adv-header-id-meta":"","stick-header-meta":"","header-above-stick-meta":"","header-main-stick-meta":"","header-below-stick-meta":"","astra-migrate-meta-layouts":"default","ast-page-background-enabled":"default","ast-page-background-meta":{"desktop":{"background-color":"var(--ast-global-color-5)","background-image":"","background-repeat":"repeat","background-position":"center center","background-size":"auto","background-attachment":"scroll","background-type":"","background-media":"","overlay-type":"","overlay-color":"","overlay-opacity":"","overlay-gradient":""},"tablet":{"background-color":"","background-image":"","background-repeat":"repeat","background-position":"center center","background-size":"auto","background-attachment":"scroll","background-type":"","background-media":"","overlay-type":"","overlay-color":"","overlay-opacity":"","overlay-gradient":""},"mobile":{"background-color":"","background-image":"","background-repeat":"repeat","background-position":"center center","background-size":"auto","background-attachment":"scroll","background-type":"","background-media":"","overlay-type":"","overlay-color":"","overlay-opacity":"","overlay-gradient":""}},"ast-content-background-meta":{"desktop":{"background-color":"var(--ast-global-color-4)","background-image":"","background-repeat":"repeat","background-position":"center center","background-size":"auto","background-attachment":"scroll","background-type":"","background-media":"","overlay-type":"","overlay-color":"","overlay-opacity":"","overlay-gradient":""},"tablet":{"background-color":"var(--ast-global-color-4)","background-image":"","background-repeat":"repeat","background-position":"center center","background-size":"auto","background-attachment":"scroll","background-type":"","background-media":"","overlay-type":"","overlay-color":"","overlay-opacity":"","overlay-gradient":""},"mobile":{"background-color":"var(--ast-global-color-4)","background-image":"","background-repeat":"repeat","background-position":"center center","background-size":"auto","background-attachment":"scroll","background-type":"","background-media":"","overlay-type":"","overlay-color":"","overlay-opacity":"","overlay-gradient":""}},"footnotes":""},"categories":[29],"tags":[],"class_list":["post-2151","post","type-post","status-publish","format-standard","has-post-thumbnail","hentry","category-non-classe-ca"],"_links":{"self":[{"href":"https:\/\/www.patrim.net\/fr\/wp-json\/wp\/v2\/posts\/2151","targetHints":{"allow":["GET"]}}],"collection":[{"href":"https:\/\/www.patrim.net\/fr\/wp-json\/wp\/v2\/posts"}],"about":[{"href":"https:\/\/www.patrim.net\/fr\/wp-json\/wp\/v2\/types\/post"}],"author":[{"embeddable":true,"href":"https:\/\/www.patrim.net\/fr\/wp-json\/wp\/v2\/users\/8"}],"replies":[{"embeddable":true,"href":"https:\/\/www.patrim.net\/fr\/wp-json\/wp\/v2\/comments?post=2151"}],"version-history":[{"count":1,"href":"https:\/\/www.patrim.net\/fr\/wp-json\/wp\/v2\/posts\/2151\/revisions"}],"predecessor-version":[{"id":2152,"href":"https:\/\/www.patrim.net\/fr\/wp-json\/wp\/v2\/posts\/2151\/revisions\/2152"}],"wp:featuredmedia":[{"embeddable":true,"href":"https:\/\/www.patrim.net\/fr\/wp-json\/wp\/v2\/media\/2153"}],"wp:attachment":[{"href":"https:\/\/www.patrim.net\/fr\/wp-json\/wp\/v2\/media?parent=2151"}],"wp:term":[{"taxonomy":"category","embeddable":true,"href":"https:\/\/www.patrim.net\/fr\/wp-json\/wp\/v2\/categories?post=2151"},{"taxonomy":"post_tag","embeddable":true,"href":"https:\/\/www.patrim.net\/fr\/wp-json\/wp\/v2\/tags?post=2151"}],"curies":[{"name":"wp","href":"https:\/\/api.w.org\/{rel}","templated":true}]}}