{"id":2076,"date":"2020-07-01T11:11:05","date_gmt":"2020-07-01T10:11:05","guid":{"rendered":"http:\/\/www.patrim.net\/?p=2076"},"modified":"2020-07-03T13:28:12","modified_gmt":"2020-07-03T12:28:12","slug":"bienvenues-bienvenidos","status":"publish","type":"post","link":"https:\/\/www.patrim.net\/fr\/bienvenues-bienvenidos\/","title":{"rendered":"Bienvenues en toute s\u00e9curit\u00e9\/ Bienvenid@s con toda seguridad"},"content":{"rendered":"\n<p><\/p>\n\n\n\n<p>Tout est mis en oeuvre pour permettre les visites en toute s\u00e9curit\u00e9. Nous sommes heureux de vous retrouver dans nos sites, \u00e0 la d\u00e9couverte du patrimoine des Pyr\u00e9n\u00e9es. <em>Bienvenid@s ! Estamos felices de encontrarles de nuevo en nuestros sitios, para descubrir el patrimonio de los Pirineos. <\/em><\/p>\n\n\n\n<p>Pour la s\u00e9curit\u00e9 de tous, nous appliquons et vous prions de respecter\nles mesures pr\u00e9ventives dans nos sites. Bonne visite !\n<em>Para la seguridad de todos, aplicamos y le pedimos que respete las medidas preventivas en nuestros sitios. Buena\nvisita!\n<\/em><\/p>\n\n\n\n<p><\/p>\n\n\n\n<p><strong>Caser\u00edo Museo Igartubeiti, Ezkio-Itsaso, Gipuzkoa <\/strong><\/p>\n\n\n\n<p><em>Desde el 2 de junio, martes-s\u00e1bado<strong>: <\/strong>10:00-14:00 y 16:00-19:00, domingo <strong>: <\/strong>10:00-14:00 \/ A partir du 2 juin, mardi-samedi:10:00-14:00 y 16:00-19:00<\/em>, dimanche: <em>10:00-14:00 <\/em><\/p>\n\n\n\n<p><strong>Ch\u00e2teau de Seix, Ari\u00e8ge <\/strong><\/p>\n\n\n\n<p><em>A partir du 4 juillet, tous les jours de 14:30 \u00e0 19:00 \/ A partir del 4 de julio, todos los d\u00edas de 14:30 \u00e0 19:00<\/em><\/p>\n\n\n\n<p><strong>Espacio Pirineos, Graus, Arag\u00f3n <\/strong><\/p>\n\n\n\n<p><em>Del 1 de julio en adelante, de martes a s\u00e1bado, de 11:00 a 14:00 y de 17:00 a 21:00 \/A partir du 1 juillet de mardi \u00e0 samedi de 11:00 \u00e0 14:00 y de 17:00 \u00e0 21:00<\/em><\/p>\n\n\n\n<p><strong>Espai Or\u00edgens, Camarasa , Catalunya <\/strong><\/p>\n\n\n\n<p><em>A partir del 1 de julio, visitas disponibles bajo reserva previa \/ espaiorigens.es  A partir du 1 julliet visites sur r\u00e9servation pr\u00e9alable <\/em><\/p>\n\n\n\n<p><strong>Mus\u00e9e de l\u2019Aurignacien, Aurignac, Haute-Garonne <\/strong><\/p>\n\n\n\n<p><em>Du mercredi au dimanche<\/em><strong><em>, <\/em><\/strong><em>de 14h \u00e0 17h30, balade comment\u00e9e \u00e0 l\u2019abri pr\u00e9historique le WE sur r\u00e9servation. De mi\u00e9rcoles a domingo de 14:00 a 17:30 horas paseo comentado al abrigo prehist\u00f3rico (WE) con reserva previa.<\/em><\/p>\n\n\n\n<p><strong>Centro de Interpretaci\u00f3n Ram\u00f3n y Cajal, Ayerbe, Arag\u00f3n<\/strong><\/p>\n\n\n\n<p><em>Desde el 1 de julio, de lunes a domingo de 10:00 a 14:00 y de 16:00 a 20:00. A partir du 1 julliet de lundi \u00e0 dimanche de10:00 a 14:00 et de 16:00 a 20:00<\/em><\/p>\n\n\n\n<p><strong>Mus\u00e9e Larrey, Beaud\u00e9an, Hautes-Pyr\u00e9n\u00e9es\n<\/strong><\/p>\n\n\n\n<p><em>Du 2 au 14\/07 et du 15\/08 au 30\/09 : jeudi, vendredi, samedi, de 13h \u00e0 18h Du 14\/07 au 15\/08 : tous les jours sauf mardi, de 14h \u00e0 18h <\/em><\/p>\n\n\n\n<p><em> Del 2 al 14 de julio y del 15 de agosto al 30 de septiembre: jueves, viernes y s\u00e1bado de 13:00 a 18:00. Del 14 de julio al 15 de agosto todos los d\u00edas salvo los martes de 14:OO a 18:00<\/em><\/p>\n\n\n\n<p><strong>Centro del Arte Rupestre, Colungo, y\nvisitas guiadas al arte rupestre del Parque Cultural de la Sierra de Guara,\nArag\u00f3n<\/strong><\/p>\n\n\n\n<p><em>A partir del 1 de julio, visitas disponibles bajo reserva previa &#8211; parqueculturalriovero.com  <\/em><\/p>\n\n\n\n<p><em>A partir du 1 julliet visites sur r\u00e9servation pr\u00e9alable <\/em><\/p>\n\n\n\n<p><strong>Ecomuseu de les Valls d\u2019\u00c0neu, Esterri d\u2019\u00c0neu, Catalunya <\/strong><\/p>\n\n\n\n<p><em>Lunes-viernes de 10 a 14 y de 17 a 20h, s\u00e1bados de 11 a 14h y de 17 a 20h, domingos de 11 a 14h. Du lundi au vendedri de 10 \u00e0 14 et de 17 \u00e0 20h, dimanche de11 \u00e0 14h.<\/em><\/p>\n\n\n\n<p><\/p>\n","protected":false},"excerpt":{"rendered":"<p>Tout est mis en oeuvre pour permettre les visites en toute s\u00e9curit\u00e9. Nous sommes heureux de vous retrouver dans nos sites, \u00e0 la d\u00e9couverte du patrimoine des Pyr\u00e9n\u00e9es. Bienvenid@s ! Estamos felices de encontrarles de nuevo en nuestros sitios, para descubrir el patrimonio de los Pirineos.<br \/>\nPour la s\u00e9curit\u00e9 de tous, nous appliquons et vous prions de respecter<br \/>\nles mesures pr\u00e9ventives dans nos sites. Bonne visite !<br \/>\n<em>Para la seguridad de todos, aplicamos y le pedimos que respete las medidas preventivas en nuestros sitios. Buena visita!<\/p>\n","protected":false},"author":8,"featured_media":2083,"comment_status":"closed","ping_status":"open","sticky":false,"template":"","format":"standard","meta":{"site-sidebar-layout":"default","site-content-layout":"","ast-site-content-layout":"default","site-content-style":"default","site-sidebar-style":"default","ast-global-header-display":"","ast-banner-title-visibility":"","ast-main-header-display":"","ast-hfb-above-header-display":"","ast-hfb-below-header-display":"","ast-hfb-mobile-header-display":"","site-post-title":"","ast-breadcrumbs-content":"","ast-featured-img":"","footer-sml-layout":"","theme-transparent-header-meta":"","adv-header-id-meta":"","stick-header-meta":"","header-above-stick-meta":"","header-main-stick-meta":"","header-below-stick-meta":"","astra-migrate-meta-layouts":"default","ast-page-background-enabled":"default","ast-page-background-meta":{"desktop":{"background-color":"var(--ast-global-color-5)","background-image":"","background-repeat":"repeat","background-position":"center center","background-size":"auto","background-attachment":"scroll","background-type":"","background-media":"","overlay-type":"","overlay-color":"","overlay-opacity":"","overlay-gradient":""},"tablet":{"background-color":"","background-image":"","background-repeat":"repeat","background-position":"center center","background-size":"auto","background-attachment":"scroll","background-type":"","background-media":"","overlay-type":"","overlay-color":"","overlay-opacity":"","overlay-gradient":""},"mobile":{"background-color":"","background-image":"","background-repeat":"repeat","background-position":"center center","background-size":"auto","background-attachment":"scroll","background-type":"","background-media":"","overlay-type":"","overlay-color":"","overlay-opacity":"","overlay-gradient":""}},"ast-content-background-meta":{"desktop":{"background-color":"var(--ast-global-color-4)","background-image":"","background-repeat":"repeat","background-position":"center center","background-size":"auto","background-attachment":"scroll","background-type":"","background-media":"","overlay-type":"","overlay-color":"","overlay-opacity":"","overlay-gradient":""},"tablet":{"background-color":"var(--ast-global-color-4)","background-image":"","background-repeat":"repeat","background-position":"center center","background-size":"auto","background-attachment":"scroll","background-type":"","background-media":"","overlay-type":"","overlay-color":"","overlay-opacity":"","overlay-gradient":""},"mobile":{"background-color":"var(--ast-global-color-4)","background-image":"","background-repeat":"repeat","background-position":"center center","background-size":"auto","background-attachment":"scroll","background-type":"","background-media":"","overlay-type":"","overlay-color":"","overlay-opacity":"","overlay-gradient":""}},"footnotes":""},"categories":[29],"tags":[],"class_list":["post-2076","post","type-post","status-publish","format-standard","has-post-thumbnail","hentry","category-non-classe-ca"],"_links":{"self":[{"href":"https:\/\/www.patrim.net\/fr\/wp-json\/wp\/v2\/posts\/2076","targetHints":{"allow":["GET"]}}],"collection":[{"href":"https:\/\/www.patrim.net\/fr\/wp-json\/wp\/v2\/posts"}],"about":[{"href":"https:\/\/www.patrim.net\/fr\/wp-json\/wp\/v2\/types\/post"}],"author":[{"embeddable":true,"href":"https:\/\/www.patrim.net\/fr\/wp-json\/wp\/v2\/users\/8"}],"replies":[{"embeddable":true,"href":"https:\/\/www.patrim.net\/fr\/wp-json\/wp\/v2\/comments?post=2076"}],"version-history":[{"count":9,"href":"https:\/\/www.patrim.net\/fr\/wp-json\/wp\/v2\/posts\/2076\/revisions"}],"predecessor-version":[{"id":2086,"href":"https:\/\/www.patrim.net\/fr\/wp-json\/wp\/v2\/posts\/2076\/revisions\/2086"}],"wp:featuredmedia":[{"embeddable":true,"href":"https:\/\/www.patrim.net\/fr\/wp-json\/wp\/v2\/media\/2083"}],"wp:attachment":[{"href":"https:\/\/www.patrim.net\/fr\/wp-json\/wp\/v2\/media?parent=2076"}],"wp:term":[{"taxonomy":"category","embeddable":true,"href":"https:\/\/www.patrim.net\/fr\/wp-json\/wp\/v2\/categories?post=2076"},{"taxonomy":"post_tag","embeddable":true,"href":"https:\/\/www.patrim.net\/fr\/wp-json\/wp\/v2\/tags?post=2076"}],"curies":[{"name":"wp","href":"https:\/\/api.w.org\/{rel}","templated":true}]}}