{"id":2042,"date":"2020-02-21T17:36:38","date_gmt":"2020-02-21T16:36:38","guid":{"rendered":"http:\/\/www.patrim.net\/?p=2042"},"modified":"2020-02-21T17:41:17","modified_gmt":"2020-02-21T16:41:17","slug":"nathalia-heim-en-lurraldeak-territorias-erakusketa-igartubeitiko-patrim-egonaldi-artistikoaren-emaitza-urola-garaiko-emakumeen-etxean","status":"publish","type":"post","link":"https:\/\/www.patrim.net\/fr\/nathalia-heim-en-lurraldeak-territorias-erakusketa-igartubeitiko-patrim-egonaldi-artistikoaren-emaitza-urola-garaiko-emakumeen-etxean\/","title":{"rendered":"Nathalia Heim-en Lurraldeak [Territorias] erakusketa, Igartubeitiko PATRIM+ egonaldi artistikoaren emaitza, Urola Garaiko Emakumeen Etxean"},"content":{"rendered":"\n<p>Urtarrilak 27tik martxoak 31era ikusgai izango den erakusketa hau 2019ko uztailean hasitako prozesu baten emaitza da, Ezkioko Igartubeiti Baserri Museoak antolatutako Patrim+ mugaz gaindiko egonaldi artistikoaren testuinguruan. Igartubeitin izan zen erakusketa 2019ko irailetik abendura. <\/p>\n\n\n\n<p>Urola Garaiko Emakumeen Etxeak, Nathalia Heim artistaren Lurraldeak [Territorias] erakusketa\nhartuko du, astelehenetik, urtarrilaren 27tik martxoak 31era. Erakusketa hau Ezkioko\nIgartubeiti Baserri Museoan uztailean antolatutako Patrim+ mugaz gaindiko egonaldi\nartistikoaren ondorioa da. 30 egunez, Urola Garaiko eta Goierriko 18 emakumeri elkarrizketak\neta argazkiak egin zizkien Natheim (Nathalia Heim) artistak.\n<\/p>\n\n\n\n<p>PATRIM+ egitasmoaren balioekin lotuta dauden gaiak, hau da, lurraldearekiko eta generoaren\nikuspegiarekiko loturaren elementu komunetik abiatuz, artistak modu sinbolikoan\nberrinterpretazio anitzak ahalbideratzen dituzten pertsona bakoitzaren historiaren\nberezitasuna azpimarratu zuen, Patrim+ egitasmoan pirineoetako emakumeen kartografia\nberriaren parte izatera helduz. Nathalia Heimek, emakume bakoitzak bere historiarekiko eta\ningurunearekiko ezartzen dituen emozio eta loturen argazki erretratuen forman, itzulpen\npoetikoa burutu zuen.\n<\/p>\n\n\n\n<p><strong>Erakusketaren protagonistekin topaketa <\/strong><\/p>\n\n\n\n<p>Otsailak 14an, 19:00etatik aurrera, erakusketaren aurkezpen topaketa izango da Urretxun\ndagoen Urola Garaiko Emakumeen Etxean. Bertan, argazki instalazioaren protagonistak parte\nhartuko dute, egitasmo honetan bizi izandako esperientziak eta sentipenak adieraziz.\n<\/p>\n\n\n\n<p><strong>MUGAZ GAINDIKO PATRIM+ EGONALDI ARTISTIKOA <\/strong><\/p>\n\n\n\n<p>Nathalia Heim-ek burututako prozesu artistikoak PATRIM+ egitasmoaren egonaldi programa\nesperimentalaren parte da, Pirineoetako bi aldeetako hiru interpretazio zentro eta museoetan,\nLe Ch\u00e2teau de Seix\u2013Centre d\u2019Interpr\u00e9tation du Patrimoine du Couserans (Ari\u00e8ge, Frantzia),\nEspacio Pirineos\u2013Centro de Creaci\u00f3n y Cultura del Pirineo Grausen (Hueska) eta Ezkioko\nIgartubeiti Museoan, uda honetan, aldi berean izan dena.\n<\/p>\n\n\n\n<p><strong>HELBURUAK: <\/strong><\/p>\n\n\n\n<p>\u25cf PATRIM+ artisten egonaldiak kontaktuan jartzea eta publiko berriekin elkartzea du helburu. Egitasmoa publiko gazteari eta kultur zein eskaintza artistikotik kanpo dagoen publikoari zuzendua dago.  <\/p>\n\n\n\n<ul class=\"wp-block-list\"><li> Egitasmo guztiak izan dute site specific izaera eta bere ingurunearekin eta komunitatearekin solasaldia proposatzen dute. <\/li><li> Ondarea inspirazio-iturri izateko sustatu, narrazio eta kontaketa berriak hauspotuz, ondareeta arte-arloaren arteko bidegurutzean oinarrituz. <\/li><li> Lurraldeko kultura- eta arte-garapenean lagundu, landa-eremuan arte garaikidea bultzatuz. <\/li><li> Herritarren sen kritikoa bultzatu. <\/li><li> Tokiko artista-ehundura hauspotu. <\/li><li> Askotariko lurralde parte-hartzaileetako artisten mugikortasuna bultzatu. <\/li><li> Sorkuntza, zabalkunde eta praktika artistikoaren arteko elkartrukeak sortu. <\/li><li><\/li><\/ul>\n\n\n\n<figure class=\"wp-block-image\"><img fetchpriority=\"high\" decoding=\"async\" width=\"900\" height=\"612\" src=\"http:\/\/www.patrim.net\/wp-content\/uploads\/2020\/02\/Encuentro-presentacio\u0301n.jpg\" alt=\"\" class=\"wp-image-2046\" srcset=\"https:\/\/www.patrim.net\/wp-content\/uploads\/2020\/02\/Encuentro-presentacio\u0301n.jpg 900w, https:\/\/www.patrim.net\/wp-content\/uploads\/2020\/02\/Encuentro-presentacio\u0301n-600x408.jpg 600w, https:\/\/www.patrim.net\/wp-content\/uploads\/2020\/02\/Encuentro-presentacio\u0301n-300x204.jpg 300w, https:\/\/www.patrim.net\/wp-content\/uploads\/2020\/02\/Encuentro-presentacio\u0301n-768x522.jpg 768w, https:\/\/www.patrim.net\/wp-content\/uploads\/2020\/02\/Encuentro-presentacio\u0301n-830x564.jpg 830w, https:\/\/www.patrim.net\/wp-content\/uploads\/2020\/02\/Encuentro-presentacio\u0301n-230x156.jpg 230w, https:\/\/www.patrim.net\/wp-content\/uploads\/2020\/02\/Encuentro-presentacio\u0301n-350x238.jpg 350w, https:\/\/www.patrim.net\/wp-content\/uploads\/2020\/02\/Encuentro-presentacio\u0301n-480x326.jpg 480w\" sizes=\"(max-width: 900px) 100vw, 900px\" \/><\/figure>\n\n\n\n<ul class=\"wp-block-list\"><li><strong>PATRIM+ EUROPAR PROGRAMMA <\/strong><\/li><li>Igartubeiti baserri museoa, Frantziako eta Espainiako 10 bazkideekin batera, PATRIM+ egitasmoa sustatzen du, museo, ekomuseo eta ondarearen interpretazio zentroen mugaz gaindiko sarea, mugaz bi aldeetara Pirinioetako natura- eta kultura-ondarea nabarmentzea helburu duena, garapen jasangarriko ikuspegi bateratuak baliatuz. PEgun, Patrim sarean Ari\u00e8ge-ko, Haute-Garonne-ko, Hautes-Pyr\u00e9n\u00e9es-eko, Euskadiko, Aragoiko eta Kataluinako bazkideak parte hartzen dute. PATRIM +Interreg Poctefa europar funtsei esker lagundutakoa da. POCTEFA 2014-2020 INTERREG Espainia-Frantzia-Andorra Programaren akronimoa da. Hiru lurralde hauen arteko garapen jasangarria sustatzeko asmoz sortutako lurralde lankidetzarako europar programa da. Informazio gehiago: <a href=\"http:\/\/www.igartubeitibaserria.eus\/eu\/jarduerak\/egitasmoak\/patrim\">http:\/\/www.igartubeitibaserria.eus\/eu\/jarduerak\/egitasmoak\/patrim <\/a><\/li><\/ul>\n","protected":false},"excerpt":{"rendered":"<p>Urtarrilak 27tik martxoak 31era ikusgai izango den erakusketa hau 2019ko uztailean hasitako prozesu baten emaitza da, Ezkioko Igartubeiti Baserri Museoak antolatutako Patrim+ mugaz gaindiko egonaldi artistikoaren testuinguruan. Igartubeitin izan zen erakusketa 2019ko irailetik abendura. <\/p>\n","protected":false},"author":8,"featured_media":2043,"comment_status":"closed","ping_status":"open","sticky":false,"template":"","format":"standard","meta":{"site-sidebar-layout":"default","site-content-layout":"","ast-site-content-layout":"default","site-content-style":"default","site-sidebar-style":"default","ast-global-header-display":"","ast-banner-title-visibility":"","ast-main-header-display":"","ast-hfb-above-header-display":"","ast-hfb-below-header-display":"","ast-hfb-mobile-header-display":"","site-post-title":"","ast-breadcrumbs-content":"","ast-featured-img":"","footer-sml-layout":"","theme-transparent-header-meta":"","adv-header-id-meta":"","stick-header-meta":"","header-above-stick-meta":"","header-main-stick-meta":"","header-below-stick-meta":"","astra-migrate-meta-layouts":"default","ast-page-background-enabled":"default","ast-page-background-meta":{"desktop":{"background-color":"var(--ast-global-color-5)","background-image":"","background-repeat":"repeat","background-position":"center center","background-size":"auto","background-attachment":"scroll","background-type":"","background-media":"","overlay-type":"","overlay-color":"","overlay-opacity":"","overlay-gradient":""},"tablet":{"background-color":"","background-image":"","background-repeat":"repeat","background-position":"center center","background-size":"auto","background-attachment":"scroll","background-type":"","background-media":"","overlay-type":"","overlay-color":"","overlay-opacity":"","overlay-gradient":""},"mobile":{"background-color":"","background-image":"","background-repeat":"repeat","background-position":"center center","background-size":"auto","background-attachment":"scroll","background-type":"","background-media":"","overlay-type":"","overlay-color":"","overlay-opacity":"","overlay-gradient":""}},"ast-content-background-meta":{"desktop":{"background-color":"var(--ast-global-color-4)","background-image":"","background-repeat":"repeat","background-position":"center center","background-size":"auto","background-attachment":"scroll","background-type":"","background-media":"","overlay-type":"","overlay-color":"","overlay-opacity":"","overlay-gradient":""},"tablet":{"background-color":"var(--ast-global-color-4)","background-image":"","background-repeat":"repeat","background-position":"center center","background-size":"auto","background-attachment":"scroll","background-type":"","background-media":"","overlay-type":"","overlay-color":"","overlay-opacity":"","overlay-gradient":""},"mobile":{"background-color":"var(--ast-global-color-4)","background-image":"","background-repeat":"repeat","background-position":"center center","background-size":"auto","background-attachment":"scroll","background-type":"","background-media":"","overlay-type":"","overlay-color":"","overlay-opacity":"","overlay-gradient":""}},"footnotes":""},"categories":[77],"tags":[],"class_list":["post-2042","post","type-post","status-publish","format-standard","has-post-thumbnail","hentry","category-actualites"],"_links":{"self":[{"href":"https:\/\/www.patrim.net\/fr\/wp-json\/wp\/v2\/posts\/2042","targetHints":{"allow":["GET"]}}],"collection":[{"href":"https:\/\/www.patrim.net\/fr\/wp-json\/wp\/v2\/posts"}],"about":[{"href":"https:\/\/www.patrim.net\/fr\/wp-json\/wp\/v2\/types\/post"}],"author":[{"embeddable":true,"href":"https:\/\/www.patrim.net\/fr\/wp-json\/wp\/v2\/users\/8"}],"replies":[{"embeddable":true,"href":"https:\/\/www.patrim.net\/fr\/wp-json\/wp\/v2\/comments?post=2042"}],"version-history":[{"count":3,"href":"https:\/\/www.patrim.net\/fr\/wp-json\/wp\/v2\/posts\/2042\/revisions"}],"predecessor-version":[{"id":2047,"href":"https:\/\/www.patrim.net\/fr\/wp-json\/wp\/v2\/posts\/2042\/revisions\/2047"}],"wp:featuredmedia":[{"embeddable":true,"href":"https:\/\/www.patrim.net\/fr\/wp-json\/wp\/v2\/media\/2043"}],"wp:attachment":[{"href":"https:\/\/www.patrim.net\/fr\/wp-json\/wp\/v2\/media?parent=2042"}],"wp:term":[{"taxonomy":"category","embeddable":true,"href":"https:\/\/www.patrim.net\/fr\/wp-json\/wp\/v2\/categories?post=2042"},{"taxonomy":"post_tag","embeddable":true,"href":"https:\/\/www.patrim.net\/fr\/wp-json\/wp\/v2\/tags?post=2042"}],"curies":[{"name":"wp","href":"https:\/\/api.w.org\/{rel}","templated":true}]}}