{"id":2023,"date":"2019-11-28T16:57:26","date_gmt":"2019-11-28T15:57:26","guid":{"rendered":"http:\/\/www.patrim.net\/?p=2023"},"modified":"2025-11-25T10:02:14","modified_gmt":"2025-11-25T09:02:14","slug":"museoen-kudeaketa-pirinioetan-indarguneak-eta-ahuleziak-gestionar-museos-en-los-pirineos-fortalezas-y-debilidades-gerer-des-musees-dans-les-pyrenees-forces-et-faiblesses-gestionar-museus-als","status":"publish","type":"post","link":"https:\/\/www.patrim.net\/fr\/museoen-kudeaketa-pirinioetan-indarguneak-eta-ahuleziak-gestionar-museos-en-los-pirineos-fortalezas-y-debilidades-gerer-des-musees-dans-les-pyrenees-forces-et-faiblesses-gestionar-museus-als\/","title":{"rendered":"Museoen kudeaketa Pirinioetan: indarguneak eta ahuleziak"},"content":{"rendered":"\r\n<p><strong>Abenduak 13 \/ 13 de diciembre \/ 13 d\u00e9cembre \/ 13 de desembre (2019)<\/strong><\/p>\r\n\r\n\r\n\r\n<p>Universidad del Pa\u00eds Vasco\/Euskal Herriko Unibertsitatea<\/p>\r\n\r\n\r\n\r\n<p>Hezkuntza, Filosofia eta Antropologia Fakultatea<\/p>\r\n\r\n\r\n\r\n<p>Facultad de Educaci\u00f3n, Filosof\u00eda y Antropolog\u00eda<\/p>\r\n\r\n\r\n\r\n<p>(Gradu aretoan \u2013 2. solairu\/Sala de Grados- 2\u00ba planta)<\/p>\r\n\r\n\r\n\r\n<p><strong>Tolosa Hiribidea, 70 &#8211; Donostia-San Sebasti\u00e1n<\/strong><\/p>\r\n\r\n\r\n\r\n<p><strong>Mintegia \/ Seminario \/ S\u00e9minaire \/ Seminar<\/strong><\/p>\r\n\r\n\r\n\r\n<p><strong>Egitaraua \/ Programa \/ Programme \/ Programa: <\/strong><a href=\"http:\/\/www.ecomuseu.com\/wp-content\/uploads\/egitaraua_programa_programme-2019.pdf\"><strong>http:\/\/www.ecomuseu.com\/wp-content\/uploads\/egitaraua_programa_programme-2019.pdf<\/strong><\/a><\/p>\r\n\r\n\r\n\r\n<p><strong>Izen-ematea \/ Inscripciones \/ Inscriptions \/ Inscripcions: <\/strong><a href=\"https:\/\/forms.gle\/asVMYtnMW4EbrsYM9\"><strong>https:\/\/forms.gle\/asVMYtnMW4EbrsYM9<\/strong><\/a><\/p>\r\n\r\n\r\n\r\n<p>Leku mugatua \/ Plazas limitadas \/ Places limit\u00e9es \/ Places limitades<\/p>\r\n\r\n\r\n\r\n<p><strong>9.00-9.30\u00a0\u00a0\u00a0\u00a0\u00a0\u00a0\u00a0 Aurkezpena \/ Presentaci\u00f3n \/ Pr\u00e9sentation \/ Presentaci\u00f3<\/strong><\/p>\r\n\r\n\r\n\r\n<p>Marko, J. Inazio (UPV\/EHU. Hezkuntza, Filosofia eta Antropologia Fakultateko dekano\/Decano de la Facultad de Educaci\u00f3n, Filosof\u00eda y Antropolog\u00eda)<\/p>\r\n\r\n\r\n\r\n<p>Chaboussou, Pauline (Communaut\u00e9 de Communes Couserans-Pyr\u00e9n\u00e9es, PATRIM+)<\/p>\r\n\r\n\r\n\r\n<p>Abella, Jordi (Ecomuseu de les Valls d\u2019\u00c0neu, PATRIM+)<\/p>\r\n\r\n\r\n\r\n<p>Arrieta Urtizberea, I\u00f1aki (Universidad del Pa\u00eds Vasco\/Euskal Herriko Unibertsitatea, PATRM+)<\/p>\r\n\r\n\r\n\r\n<p><strong>9.30-10.15 Hitzaldia \/ Ponencia \/ Conf\u00e9rence \/ Pon\u00e8ncia<\/strong><\/p>\r\n\r\n\r\n\r\n<p>\u201cTodos los museos abren pasos entre monta\u00f1as\u201d<\/p>\r\n\r\n\r\n\r\n<p>Grau, Luis (Presidente del ICOM-Espa\u00f1a. Museo de Le\u00f3n)<\/p>\r\n\r\n\r\n\r\n<p>Aurkezlea\/Presenta\/Pr\u00e9sentation\/Presenta: Diaz Balerdi, I\u00f1aki (Universidad del Pa\u00eds Vasco\/Euskal Herriko Unibertsitatea, PATRM+)<\/p>\r\n\r\n\r\n\r\n<p><strong>Mahai-inguruak \/ Mesas de debate \/ Tables rondes \/ Taules de debat<\/strong><\/p>\r\n\r\n\r\n\r\n<p><strong>10.15-11.45 Ekitaldiak\/Actividades\/Activit\u00e9s\/Activitats<\/strong><\/p>\r\n\r\n\r\n\r\n<p>Delmas, Estelle (Mus\u00e9e Jeanne d\u2019Albret)<\/p>\r\n\r\n\r\n\r\n<p>Peris\u00e9, Eva (Museu Hidroel\u00e8ctric de Capdella)<\/p>\r\n\r\n\r\n\r\n<p>Subias, Bego\u00f1a (Museo \u00c1ngel Orensanz y Artes del Serrablo)<\/p>\r\n\r\n\r\n\r\n<p>Moderatzailea\/Moderador\/Mod\u00e9rateur: Mur, Jorge (Espacio Pirineos, PATRIM+)<\/p>\r\n\r\n\r\n\r\n<p><strong>11.45-12.15 Etenaldia-kafea \/ Pausa-caf\u00e8 \/ Pause-caf\u00e9<\/strong><\/p>\r\n\r\n\r\n\r\n<p><strong>12.15-13:45 Bertako herritarren parte-hartzea\/Participaci\u00f3n de la poblaci\u00f3n local\/Participation de la population locale\/Participaci\u00f3 de la poblaci\u00f3 local<\/strong><\/p>\r\n\r\n\r\n\r\n<p>Mac\u00e9, Paul &amp; Mac\u00e9, Christine (M\u00faSIC Mus\u00e9e des Instruments et des cultures du monde C\u00e9ret)<\/p>\r\n\r\n\r\n\r\n<p>Serrano, Roberto (Museo Etnol\u00f3gico de San Juan de Plan)<\/p>\r\n\r\n\r\n\r\n<p>Vilardell, Roser (Museu Etnogr\u00e0fic de Ripoll)<\/p>\r\n\r\n\r\n\r\n<p>Moderatzailea\/Moderadora\/Mod\u00e9ratrice: Chaboussou, Pauline (Communaut\u00e9 de Communes Couserans-Pyr\u00e9n\u00e9es, PATRIM+)<\/p>\r\n\r\n\r\n\r\n<p><strong>15.30-17.00 Kultur turismoa sustatzea\/Fomento del turismo cultural\/Promotion du tourisme culturel\/Foment del turisme cultural<\/strong><\/p>\r\n\r\n\r\n\r\n<p>Aguirre, Ainhoa (Museo de las Brujas\/Sorginen Museoa)<\/p>\r\n\r\n\r\n\r\n<p>Del Valle, Carla (Mus\u00e8u dera Val d\u2019Aran)<\/p>\r\n\r\n\r\n\r\n<p>Planas de la Maza, Marta (\u00c0rea de Museus i Monuments del Ministeri de Cultura i Esports d\u2019Andorra)<\/p>\r\n\r\n\r\n\r\n<p>Moderatzailea\/Moderadora\/Mod\u00e9ratrice: Aguirre, Cristina (K6 Gesti\u00f3n Cultural-Igartubeiti, PATRIM+)<\/p>\r\n\r\n\r\n\r\n<p><strong>17.00 Ondorioak \/ Conclusiones \/ Conclusions \/ Conclusions<\/strong><\/p>\r\n\r\n\r\n\r\n<p>Abella, Jordi (Ecomuseu de les Valls d\u2019\u00c0neu, PATRIM+)<\/p>\r\n\r\n\r\n\r\n<p>Arbu\u00e9s, Clara (Museo Dioces\u00e0 d\u2019Urgell)<\/p>\r\n","protected":false},"excerpt":{"rendered":"<p>La facultad de Educaci\u00f3n, Filosof\u00eda y Antropolog\u00eda de la Universidad del Pa\u00eds Vasco organiza el Seminario &#8220;Gestionar museos en el Pirineo: fortalezas y debilidades&#8221;, que tendr\u00e1 lugar el 13 de diciembre en San Sebasti\u00e1n, en el marco del proyecto Patrim+ (Interreg Poctefa).<\/p>\n","protected":false},"author":8,"featured_media":2026,"comment_status":"closed","ping_status":"open","sticky":false,"template":"","format":"standard","meta":{"site-sidebar-layout":"default","site-content-layout":"","ast-site-content-layout":"default","site-content-style":"default","site-sidebar-style":"default","ast-global-header-display":"","ast-banner-title-visibility":"","ast-main-header-display":"","ast-hfb-above-header-display":"","ast-hfb-below-header-display":"","ast-hfb-mobile-header-display":"","site-post-title":"","ast-breadcrumbs-content":"","ast-featured-img":"","footer-sml-layout":"","theme-transparent-header-meta":"default","adv-header-id-meta":"","stick-header-meta":"","header-above-stick-meta":"","header-main-stick-meta":"","header-below-stick-meta":"","astra-migrate-meta-layouts":"set","ast-page-background-enabled":"default","ast-page-background-meta":{"desktop":{"background-color":"var(--ast-global-color-5)","background-image":"","background-repeat":"repeat","background-position":"center center","background-size":"auto","background-attachment":"scroll","background-type":"","background-media":"","overlay-type":"","overlay-color":"","overlay-opacity":"","overlay-gradient":""},"tablet":{"background-color":"","background-image":"","background-repeat":"repeat","background-position":"center center","background-size":"auto","background-attachment":"scroll","background-type":"","background-media":"","overlay-type":"","overlay-color":"","overlay-opacity":"","overlay-gradient":""},"mobile":{"background-color":"","background-image":"","background-repeat":"repeat","background-position":"center center","background-size":"auto","background-attachment":"scroll","background-type":"","background-media":"","overlay-type":"","overlay-color":"","overlay-opacity":"","overlay-gradient":""}},"ast-content-background-meta":{"desktop":{"background-color":"var(--ast-global-color-4)","background-image":"","background-repeat":"repeat","background-position":"center center","background-size":"auto","background-attachment":"scroll","background-type":"","background-media":"","overlay-type":"","overlay-color":"","overlay-opacity":"","overlay-gradient":""},"tablet":{"background-color":"var(--ast-global-color-4)","background-image":"","background-repeat":"repeat","background-position":"center center","background-size":"auto","background-attachment":"scroll","background-type":"","background-media":"","overlay-type":"","overlay-color":"","overlay-opacity":"","overlay-gradient":""},"mobile":{"background-color":"var(--ast-global-color-4)","background-image":"","background-repeat":"repeat","background-position":"center center","background-size":"auto","background-attachment":"scroll","background-type":"","background-media":"","overlay-type":"","overlay-color":"","overlay-opacity":"","overlay-gradient":""}},"footnotes":""},"categories":[77],"tags":[],"class_list":["post-2023","post","type-post","status-publish","format-standard","has-post-thumbnail","hentry","category-actualites"],"_links":{"self":[{"href":"https:\/\/www.patrim.net\/fr\/wp-json\/wp\/v2\/posts\/2023","targetHints":{"allow":["GET"]}}],"collection":[{"href":"https:\/\/www.patrim.net\/fr\/wp-json\/wp\/v2\/posts"}],"about":[{"href":"https:\/\/www.patrim.net\/fr\/wp-json\/wp\/v2\/types\/post"}],"author":[{"embeddable":true,"href":"https:\/\/www.patrim.net\/fr\/wp-json\/wp\/v2\/users\/8"}],"replies":[{"embeddable":true,"href":"https:\/\/www.patrim.net\/fr\/wp-json\/wp\/v2\/comments?post=2023"}],"version-history":[{"count":4,"href":"https:\/\/www.patrim.net\/fr\/wp-json\/wp\/v2\/posts\/2023\/revisions"}],"predecessor-version":[{"id":8575,"href":"https:\/\/www.patrim.net\/fr\/wp-json\/wp\/v2\/posts\/2023\/revisions\/8575"}],"wp:featuredmedia":[{"embeddable":true,"href":"https:\/\/www.patrim.net\/fr\/wp-json\/wp\/v2\/media\/2026"}],"wp:attachment":[{"href":"https:\/\/www.patrim.net\/fr\/wp-json\/wp\/v2\/media?parent=2023"}],"wp:term":[{"taxonomy":"category","embeddable":true,"href":"https:\/\/www.patrim.net\/fr\/wp-json\/wp\/v2\/categories?post=2023"},{"taxonomy":"post_tag","embeddable":true,"href":"https:\/\/www.patrim.net\/fr\/wp-json\/wp\/v2\/tags?post=2023"}],"curies":[{"name":"wp","href":"https:\/\/api.w.org\/{rel}","templated":true}]}}