{"id":2001,"date":"2019-11-20T09:07:33","date_gmt":"2019-11-20T08:07:33","guid":{"rendered":"http:\/\/www.patrim.net\/?p=2001"},"modified":"2019-12-18T16:23:02","modified_gmt":"2019-12-18T15:23:02","slug":"jornada-de-accesibilidad-en-centros-de-interpretacion-y-museos-en-colungo","status":"publish","type":"post","link":"https:\/\/www.patrim.net\/fr\/jornada-de-accesibilidad-en-centros-de-interpretacion-y-museos-en-colungo\/","title":{"rendered":"Jornada de Accesibilidad en Centros de Interpretaci\u00f3n y Museos en Colungo"},"content":{"rendered":"\n<p>Este jueves, d\u00eda 21 de noviembre, &nbsp;se celebra la Comarca de Somontano de Barbastro &nbsp;celebra &nbsp;en la localidad de Colungo, la <strong>\u201cJornada de Accesibilidad en Centros de Interpretaci\u00f3n y Museos<\/strong>\u201d una acci\u00f3n formativa dentro del proyecto de cooperaci\u00f3n <em>Patrim+:&nbsp; \u201c Red Pirenaica de Centros de Patrimonio e Innovaci\u00f3n rural\u201d <\/em>( Interreg Poctefa)<\/p>\n\n\n\n<p>Esta\nJornada est\u00e1 dirigida a gestores, t\u00e9cnicos y gu\u00edas de Centros de Visitantes y\nMuseos, as\u00ed como a personas vinculadas al \u00e1mbito tur\u00edstico. Se pretende&nbsp; adentrarnos en el concepto de equipamientos\ninclusivos,&nbsp; as\u00ed como en el conocimiento\nde criterios, y herramientas orientadas al servicio de la accesibilidad y\ndise\u00f1o universal a aplicar en&nbsp; peque\u00f1os\ncentros y equipamientos enclavados mayoritariamente en el \u00e1mbito rura y\nvinculados tambi\u00e9n al \u00e1mbito tur\u00edstico.<\/p>\n\n\n\n<p>Se\nplantear\u00e1n situaciones cotidianas que los gestores de Centros de\nInterpretaci\u00f3n, Museos o recursos culturales se pueden encontrar en la relaci\u00f3n\ncon clientes con necesidades especiales, opciones sobre c\u00f3mo mejorar la\naccesibilidad de contenidos a personas con discapacidad sensorial y cognitiva,\nejemplos de buenas pr\u00e1cticas y c\u00f3mo aplicarlas a nuestros centros.<\/p>\n\n\n\n<p>La Jornada se ha\nplanteado desde una metodolog\u00eda inminentemente pr\u00e1ctica y din\u00e1mica de cara a\npoder conocer de primera mano la problem\u00e1tica en materia de accesibilidad de\nnuestros Centros, as\u00ed como posibles soluciones. Ser\u00e1 impartida por la empresa <em>Equalitas\nVitae S.L.<\/em> representada por tres ponentes: Izaskun Benito, Luis Casado y\nFrancisco Garrido, especialistas en consultor\u00eda de Turismo inclusivo, Dise\u00f1o\nUniversal y comunicaci\u00f3n inclusiva.<\/p>\n\n\n\n<p>La\nJornada se desarrollar\u00e1 en la localidad de Colungo, en el sal\u00f3n social\nmunicipal &nbsp;con una parte pr\u00e1ctica a\nrealizar en el Centro del Arte Rupestre, del Parque Cultural del R\u00edo Vero,\nenclave incluido en el proyecto. <\/p>\n\n\n\n<p>La Red Patrim+ ,\nque inici\u00f3 su andadura en 2008, est\u00e1 formada actualmente por 11 socios de\nEspa\u00f1a y Francia&nbsp; : Communaut\u00e9 de Communes Couserans-Pyr\u00e9n\u00e9es, Commune de Beaud\u00e9an, Syndicat\nMixte du Mus\u00e9e- Forum de l\u00b4Aurignacien, Ayuntamiento de Graus, Ayuntamiento de\nAyerbe, Comarca de la Hoya de Huesca, Comarca de Somontano de Barbastro,\nEcomuseu Esterri d\u2019Aneu, Centre d\u00b4Etudies de del Patrimoni Arqueologic de la\nPrehistoria, K6 Gesti\u00f3n Cultural- Museo Igartubeit, Universidad del Pa\u00eds Vasco.\nAdem\u00e1s se cuenta con tres miembros asociados: Reserva de la Biosfera\nOrdesa-Vi\u00f1amala, asociado de la Comarca de Somontano de Barbastro, Universidad\nde Barcelona asociada de Centre d\u00b4Etudies de del Patrimoni Arqueologic de la\nPrehistoria, y el Ayuntamiento de Nueno asociado a la Comarca de la Hoya de\nHuesca.<\/p>\n\n\n\n<p>Agrupa un conjunto de\ncentros patrimoniales tem\u00e1ticos diversos&nbsp;\n(prehistoria, naturaleza, arte y cultura, etnolog\u00eda, sociedad)&nbsp;&nbsp; que abarcan ambos lados de los\nPirineos:&nbsp; <a href=\"http:\/\/www.patrim.net\/les-centres\/chateau-de-seix\/\">Centre d\u2019interpr\u00e9tation du patrimoine\ndu Couserans<\/a> ( Seix), <a href=\"http:\/\/www.patrim.net\/es\/los-centros\/ecomuseu-de-les-valls-daneu\/\">Ecomuseu de les valls d\u2019\u00c0neu<\/a> (\nEsterri D\u00b4Aneu), <a href=\"http:\/\/www.patrim.net\/es\/los-centros\/823-2\/\">Centro Ramon y Cajal<\/a>&nbsp; ( Ayerbe) <a href=\"http:\/\/www.patrim.net\/es\/los-centros\/musee-larrey\/\">Mus\u00e9e Larrey<\/a>\n(Beaudean), Espacio Pirineos ( Graus),&nbsp;&nbsp;\nC<a href=\"http:\/\/www.patrim.net\/es\/caserio-museo-igartubeiti\/\">aser\u00edo Museo Igartubeiti<\/a>&nbsp; ( Ezquio), <a href=\"http:\/\/www.patrim.net\/es\/los-centros\/parque-cultural-del-rio-vero-centro-del-arte-rupestre\/\">Parque Cultural del R\u00edo Vero<\/a>&#8211; C.\nArte Rupestre ( Colungo),&nbsp; <a href=\"http:\/\/www.patrim.net\/es\/1248-2\/\">Mus\u00e9e-Forum de l\u2019Aurignacien<\/a> (\nAurignac),&nbsp; Espai Or\u00edgens&nbsp; (Camarasa) , Centro de Interpretaci\u00f3n de las\nAves ( Riglos), Espacio Salto de Rold\u00e1n ( Nueno),&nbsp; Centro de Visitantes del Parque Nacional de\nOrdesa y Monteperdido ( Torla)<\/p>\n\n\n\n<p>El proyecto se centra&nbsp; en la innovaci\u00f3n en los \u00e1mbitos social,\nambiental y econ\u00f3mico con el objeto de convertir los\ncentros de la Red PATRIM en&nbsp; unos\nespacios abiertos, inclusivos, sensibles a la diversidad cultural, reforzando\nsu dimensi\u00f3n social, ciudadana y sostenible. Entre los objetivos\nespec\u00edficos&nbsp; se considera establecer una\nestrategia com\u00fan innovadora mediante la apertura a p\u00fablicos diversos y nuevos\nenfoques que mejoren la accesibilidad, promuevan el desarrollo local, la\ninclusi\u00f3n social,&nbsp; y la ecoeficiencia,\ncon mayor capacidad de gesti\u00f3n e innovaci\u00f3n mediante incorporaci\u00f3n de nuevas herramientas\nTIC\u00b4s , as\u00ed como la interacci\u00f3n sectorial y territorial de los centros. <\/p>\n\n\n\n<p>Patrim+ es un\nproyecto ascrito al Programa Interreg V-A Espa\u00f1a-Francia- Andorra (Poctefa\n2014-2020), financiado al 65% por el Fondo Europeo de Desarrollo Regional\n(FEDER). El objetivo de Poctefa es reforzar la integraci\u00f3n econ\u00f3mica y social\nde la zona fronteriza Espa\u00f1a-Francia- Andorra. Su ayuda se concentra en el\ndesarrollo de actividades econ\u00f3micas sociales y medio ambientales\ntransfronterizas a trav\u00e9s de estrategias conjuntas a favor del desarrollo\nterritorial sostenible<\/p>\n","protected":false},"excerpt":{"rendered":"<p>Este jueves, d\u00eda 21 de noviembre,  se celebra la Comarca de Somontano de Barbastro  celebra  en la localidad de Colungo, la \u201cJornada de Accesibilidad en Centros de Interpretaci\u00f3n y Museos\u201d una acci\u00f3n formativa dentro del proyecto de cooperaci\u00f3n Patrim+:  \u201c Red Pirenaica de Centros de Patrimonio e Innovaci\u00f3n rural\u201d ( Interreg Poctefa)<\/p>\n","protected":false},"author":8,"featured_media":2003,"comment_status":"closed","ping_status":"open","sticky":false,"template":"","format":"standard","meta":{"site-sidebar-layout":"default","site-content-layout":"","ast-site-content-layout":"default","site-content-style":"default","site-sidebar-style":"default","ast-global-header-display":"","ast-banner-title-visibility":"","ast-main-header-display":"","ast-hfb-above-header-display":"","ast-hfb-below-header-display":"","ast-hfb-mobile-header-display":"","site-post-title":"","ast-breadcrumbs-content":"","ast-featured-img":"","footer-sml-layout":"","theme-transparent-header-meta":"","adv-header-id-meta":"","stick-header-meta":"","header-above-stick-meta":"","header-main-stick-meta":"","header-below-stick-meta":"","astra-migrate-meta-layouts":"default","ast-page-background-enabled":"default","ast-page-background-meta":{"desktop":{"background-color":"var(--ast-global-color-5)","background-image":"","background-repeat":"repeat","background-position":"center center","background-size":"auto","background-attachment":"scroll","background-type":"","background-media":"","overlay-type":"","overlay-color":"","overlay-opacity":"","overlay-gradient":""},"tablet":{"background-color":"","background-image":"","background-repeat":"repeat","background-position":"center center","background-size":"auto","background-attachment":"scroll","background-type":"","background-media":"","overlay-type":"","overlay-color":"","overlay-opacity":"","overlay-gradient":""},"mobile":{"background-color":"","background-image":"","background-repeat":"repeat","background-position":"center center","background-size":"auto","background-attachment":"scroll","background-type":"","background-media":"","overlay-type":"","overlay-color":"","overlay-opacity":"","overlay-gradient":""}},"ast-content-background-meta":{"desktop":{"background-color":"var(--ast-global-color-4)","background-image":"","background-repeat":"repeat","background-position":"center center","background-size":"auto","background-attachment":"scroll","background-type":"","background-media":"","overlay-type":"","overlay-color":"","overlay-opacity":"","overlay-gradient":""},"tablet":{"background-color":"var(--ast-global-color-4)","background-image":"","background-repeat":"repeat","background-position":"center center","background-size":"auto","background-attachment":"scroll","background-type":"","background-media":"","overlay-type":"","overlay-color":"","overlay-opacity":"","overlay-gradient":""},"mobile":{"background-color":"var(--ast-global-color-4)","background-image":"","background-repeat":"repeat","background-position":"center center","background-size":"auto","background-attachment":"scroll","background-type":"","background-media":"","overlay-type":"","overlay-color":"","overlay-opacity":"","overlay-gradient":""}},"footnotes":""},"categories":[77],"tags":[],"class_list":["post-2001","post","type-post","status-publish","format-standard","has-post-thumbnail","hentry","category-actualites"],"_links":{"self":[{"href":"https:\/\/www.patrim.net\/fr\/wp-json\/wp\/v2\/posts\/2001","targetHints":{"allow":["GET"]}}],"collection":[{"href":"https:\/\/www.patrim.net\/fr\/wp-json\/wp\/v2\/posts"}],"about":[{"href":"https:\/\/www.patrim.net\/fr\/wp-json\/wp\/v2\/types\/post"}],"author":[{"embeddable":true,"href":"https:\/\/www.patrim.net\/fr\/wp-json\/wp\/v2\/users\/8"}],"replies":[{"embeddable":true,"href":"https:\/\/www.patrim.net\/fr\/wp-json\/wp\/v2\/comments?post=2001"}],"version-history":[{"count":2,"href":"https:\/\/www.patrim.net\/fr\/wp-json\/wp\/v2\/posts\/2001\/revisions"}],"predecessor-version":[{"id":2004,"href":"https:\/\/www.patrim.net\/fr\/wp-json\/wp\/v2\/posts\/2001\/revisions\/2004"}],"wp:featuredmedia":[{"embeddable":true,"href":"https:\/\/www.patrim.net\/fr\/wp-json\/wp\/v2\/media\/2003"}],"wp:attachment":[{"href":"https:\/\/www.patrim.net\/fr\/wp-json\/wp\/v2\/media?parent=2001"}],"wp:term":[{"taxonomy":"category","embeddable":true,"href":"https:\/\/www.patrim.net\/fr\/wp-json\/wp\/v2\/categories?post=2001"},{"taxonomy":"post_tag","embeddable":true,"href":"https:\/\/www.patrim.net\/fr\/wp-json\/wp\/v2\/tags?post=2001"}],"curies":[{"name":"wp","href":"https:\/\/api.w.org\/{rel}","templated":true}]}}