{"id":1996,"date":"2019-10-30T11:49:55","date_gmt":"2019-10-30T10:49:55","guid":{"rendered":"http:\/\/www.patrim.net\/?p=1996"},"modified":"2019-12-18T16:23:16","modified_gmt":"2019-12-18T15:23:16","slug":"colloque-international-sur-le-tourisme-de-prehistoire","status":"publish","type":"post","link":"https:\/\/www.patrim.net\/fr\/colloque-international-sur-le-tourisme-de-prehistoire\/","title":{"rendered":"Colloque international sur le Tourisme de Pr\u00e9histoire"},"content":{"rendered":"\n<p>Dans le cadre de son cinquanti\u00e8me anniversaire, le Mus\u00e9e d\u2019Aurignac o<strong>rganise les 14 et 15 novembre 2019 un colloque international sur le Tourisme de Pr\u00e9histoire<\/strong>. L\u2019objectif de cet \u00e9v\u00e9nement est de rassembler les acteurs fran\u00e7ais et espagnols de ce secteur culturel et touristique en plein essor, pour en comprendre les sp\u00e9cificit\u00e9s. Il permettra \u00e9galement de s\u2019int\u00e9resser aux publics qui fr\u00e9quentent les sites de Pr\u00e9histoire, et enfin de s\u2019interroger sur les r\u00e9seaux existants ou \u00e0 cr\u00e9er pour inventer de nouvelles synergies entre les diff\u00e9rents acteurs.<\/p>\n\n\n\n<p>Ce colloque s\u2019adresse en priorit\u00e9 aux&nbsp;<strong>professionnels du patrimoine, du tourisme, de l\u2019arch\u00e9ologie, \u00e9lus, techniciens et chercheurs impliqu\u00e9s dans la compr\u00e9hension, la gestion et la mise en valeur de sites de pr\u00e9histoire<\/strong>.<\/p>\n\n\n\n<p>Il est organis\u00e9 par le syndicat mixte du mus\u00e9e de l\u2019Aurignacien, le Comit\u00e9 D\u00e9partemental du Tourisme, le Conseil d\u00e9partemental de la Haute-Garonne, et le r\u00e9seau europ\u00e9en PATRIM+ (INTERREG POCTEFA). <\/p>\n\n\n\n<p><\/p>\n\n\n\n<p><strong>Les objectifs de ce colloque sont de :\n<\/strong><\/p>\n\n\n\n<p><strong>&gt; <\/strong><strong>Rassembler les acteurs de ce secteur culturel et touristique ;\n<\/strong><\/p>\n\n\n\n<p><strong>&gt; <\/strong><strong>Comprendre et d\u00e9finir les sp\u00e9cificit\u00e9s de ce tourisme de pr\u00e9histoire en plein essor ;\n<\/strong><\/p>\n\n\n\n<p><strong>&gt; <\/strong><strong>Dresser le portrait des publics qui fr\u00e9quentent ces sites ;\n<\/strong><\/p>\n\n\n\n<p><strong>&gt; <\/strong><strong>S\u2019interroger sur les r\u00e9seaux existants ou \u00e0 cr\u00e9er pour inventer de nouvelles synergies et compl\u00e9-\nmentarit\u00e9s entre les diff\u00e9rents acteurs.\n<\/strong><\/p>\n\n\n\n<p>Cet \u00e9v\u00e9nement s\u2019inscrit dans le cadre des \u00e9v\u00e9nements programm\u00e9s pour c\u00e9l\u00e9brer le cinquanti\u00e8me anniversaire du mus\u00e9e d\u2019Aurignac. Il est organis\u00e9 par le syndicat mixte du mus\u00e9e de l\u2019Aurignacien, le Comit\u00e9 D\u00e9partemental du Tourisme, le Conseil d\u00e9partemental de la Haute-Garonne, et le r\u00e9seau europ\u00e9en PATRIM+ (Interreg Poctefa). <\/p>\n\n\n\n<p>PATRIM est un r\u00e9seau transfrontalier de mus\u00e9es, \u00e9comus\u00e9es et centres d\u2019interpr\u00e9tation du patrimoine des Pyr\u00e9n\u00e9es. L\u2019objectif du r\u00e9seau est de valoriser le patrimoine culturel et naturel des Pyr\u00e9n\u00e9es des deux c\u00f4t\u00e9s de la fronti\u00e8re \u00e0 travers des visions partag\u00e9es de d\u00e9veloppement durable. Le r\u00e9seau comprend des partenaires situ\u00e9s zone rurale et de montagne en Ari\u00e8ge, en Haute-Garonne, dans les Hautes-Pyr\u00e9n\u00e9es, au Pays basque espagnol, en Aragon et en Catalogne.<\/p>\n\n\n\n<p><strong>En f\u00e9vrier 2018, le r\u00e9seau a re\u00e7u l\u2019approbation du&nbsp;<a href=\"http:\/\/poctefa.eu\/\">Programme op\u00e9rationnel de coop\u00e9ration territoriale Espagne-France-Andorre (Interreg POCTEFA)<\/a> pour le projet PATRIM+.<\/strong><\/p>\n\n\n\n<p><\/p>\n\n\n\n<p><em><strong>Colloque gratuit, inscription obligatoire avant le 1er novembre (places limit\u00e9es) au&nbsp;<a href=\"mailto:contact@musee-aurignacien.com\">contact@musee-aurignacien.com<\/a>&nbsp;ou 05 61 90 90 72.<\/strong><\/em><\/p>\n\n\n\n<p><a href=\"http:\/\/www.musee-aurignacien.com\/sites\/default\/files\/images\/programme_colloque_tourisme_2019_-_musee_de_laurignacien_0.pdf\"><em><strong>T\u00e9l\u00e9charger le programme<\/strong><\/em><\/a><\/p>\n","protected":false},"excerpt":{"rendered":"<p>Dans le cadre de son cinquanti\u00e8me anniversaire, le Mus\u00e9e d\u2019Aurignac organise les 14 et 15 novembre 2019 un colloque international sur le Tourisme de Pr\u00e9histoire. L\u2019objectif de cet \u00e9v\u00e9nement est de rassembler les acteurs fran\u00e7ais et espagnols de ce secteur culturel et touristique en plein essor, pour en comprendre les sp\u00e9cificit\u00e9s.<\/p>\n","protected":false},"author":8,"featured_media":1997,"comment_status":"closed","ping_status":"open","sticky":false,"template":"","format":"standard","meta":{"site-sidebar-layout":"default","site-content-layout":"","ast-site-content-layout":"default","site-content-style":"default","site-sidebar-style":"default","ast-global-header-display":"","ast-banner-title-visibility":"","ast-main-header-display":"","ast-hfb-above-header-display":"","ast-hfb-below-header-display":"","ast-hfb-mobile-header-display":"","site-post-title":"","ast-breadcrumbs-content":"","ast-featured-img":"","footer-sml-layout":"","theme-transparent-header-meta":"","adv-header-id-meta":"","stick-header-meta":"","header-above-stick-meta":"","header-main-stick-meta":"","header-below-stick-meta":"","astra-migrate-meta-layouts":"default","ast-page-background-enabled":"default","ast-page-background-meta":{"desktop":{"background-color":"var(--ast-global-color-5)","background-image":"","background-repeat":"repeat","background-position":"center center","background-size":"auto","background-attachment":"scroll","background-type":"","background-media":"","overlay-type":"","overlay-color":"","overlay-opacity":"","overlay-gradient":""},"tablet":{"background-color":"","background-image":"","background-repeat":"repeat","background-position":"center center","background-size":"auto","background-attachment":"scroll","background-type":"","background-media":"","overlay-type":"","overlay-color":"","overlay-opacity":"","overlay-gradient":""},"mobile":{"background-color":"","background-image":"","background-repeat":"repeat","background-position":"center center","background-size":"auto","background-attachment":"scroll","background-type":"","background-media":"","overlay-type":"","overlay-color":"","overlay-opacity":"","overlay-gradient":""}},"ast-content-background-meta":{"desktop":{"background-color":"var(--ast-global-color-4)","background-image":"","background-repeat":"repeat","background-position":"center center","background-size":"auto","background-attachment":"scroll","background-type":"","background-media":"","overlay-type":"","overlay-color":"","overlay-opacity":"","overlay-gradient":""},"tablet":{"background-color":"var(--ast-global-color-4)","background-image":"","background-repeat":"repeat","background-position":"center center","background-size":"auto","background-attachment":"scroll","background-type":"","background-media":"","overlay-type":"","overlay-color":"","overlay-opacity":"","overlay-gradient":""},"mobile":{"background-color":"var(--ast-global-color-4)","background-image":"","background-repeat":"repeat","background-position":"center center","background-size":"auto","background-attachment":"scroll","background-type":"","background-media":"","overlay-type":"","overlay-color":"","overlay-opacity":"","overlay-gradient":""}},"footnotes":""},"categories":[77],"tags":[],"class_list":["post-1996","post","type-post","status-publish","format-standard","has-post-thumbnail","hentry","category-actualites"],"_links":{"self":[{"href":"https:\/\/www.patrim.net\/fr\/wp-json\/wp\/v2\/posts\/1996","targetHints":{"allow":["GET"]}}],"collection":[{"href":"https:\/\/www.patrim.net\/fr\/wp-json\/wp\/v2\/posts"}],"about":[{"href":"https:\/\/www.patrim.net\/fr\/wp-json\/wp\/v2\/types\/post"}],"author":[{"embeddable":true,"href":"https:\/\/www.patrim.net\/fr\/wp-json\/wp\/v2\/users\/8"}],"replies":[{"embeddable":true,"href":"https:\/\/www.patrim.net\/fr\/wp-json\/wp\/v2\/comments?post=1996"}],"version-history":[{"count":2,"href":"https:\/\/www.patrim.net\/fr\/wp-json\/wp\/v2\/posts\/1996\/revisions"}],"predecessor-version":[{"id":1999,"href":"https:\/\/www.patrim.net\/fr\/wp-json\/wp\/v2\/posts\/1996\/revisions\/1999"}],"wp:featuredmedia":[{"embeddable":true,"href":"https:\/\/www.patrim.net\/fr\/wp-json\/wp\/v2\/media\/1997"}],"wp:attachment":[{"href":"https:\/\/www.patrim.net\/fr\/wp-json\/wp\/v2\/media?parent=1996"}],"wp:term":[{"taxonomy":"category","embeddable":true,"href":"https:\/\/www.patrim.net\/fr\/wp-json\/wp\/v2\/categories?post=1996"},{"taxonomy":"post_tag","embeddable":true,"href":"https:\/\/www.patrim.net\/fr\/wp-json\/wp\/v2\/tags?post=1996"}],"curies":[{"name":"wp","href":"https:\/\/api.w.org\/{rel}","templated":true}]}}