{"id":1987,"date":"2019-09-18T09:31:54","date_gmt":"2019-09-18T08:31:54","guid":{"rendered":"http:\/\/www.patrim.net\/?p=1987"},"modified":"2019-12-18T16:23:59","modified_gmt":"2019-12-18T15:23:59","slug":"journees-europeennes-du-patrimoine-a-aurignac","status":"publish","type":"post","link":"https:\/\/www.patrim.net\/fr\/journees-europeennes-du-patrimoine-a-aurignac\/","title":{"rendered":"Journ\u00e9es Europ\u00e9ennes du Patrimoine \u00e0 Aurignac"},"content":{"rendered":"\n<figure class=\"wp-block-image\"><img fetchpriority=\"high\" decoding=\"async\" width=\"724\" height=\"1024\" src=\"http:\/\/www.patrim.net\/wp-content\/uploads\/2019\/10\/Captura-de-pantalla-2019-10-09-a-las-10.31.13-724x1024.png\" alt=\"\" class=\"wp-image-1988\" srcset=\"https:\/\/www.patrim.net\/wp-content\/uploads\/2019\/10\/Captura-de-pantalla-2019-10-09-a-las-10.31.13-724x1024.png 724w, https:\/\/www.patrim.net\/wp-content\/uploads\/2019\/10\/Captura-de-pantalla-2019-10-09-a-las-10.31.13-600x849.png 600w, https:\/\/www.patrim.net\/wp-content\/uploads\/2019\/10\/Captura-de-pantalla-2019-10-09-a-las-10.31.13-212x300.png 212w, https:\/\/www.patrim.net\/wp-content\/uploads\/2019\/10\/Captura-de-pantalla-2019-10-09-a-las-10.31.13-230x326.png 230w, https:\/\/www.patrim.net\/wp-content\/uploads\/2019\/10\/Captura-de-pantalla-2019-10-09-a-las-10.31.13-350x495.png 350w, https:\/\/www.patrim.net\/wp-content\/uploads\/2019\/10\/Captura-de-pantalla-2019-10-09-a-las-10.31.13-480x679.png 480w, https:\/\/www.patrim.net\/wp-content\/uploads\/2019\/10\/Captura-de-pantalla-2019-10-09-a-las-10.31.13.png 732w\" sizes=\"(max-width: 724px) 100vw, 724px\" \/><\/figure>\n","protected":false},"excerpt":{"rendered":"<p>Vous pourrez d\u00e9couvrir comment nos anc\u00eatres travaillaient les peaux animales, par quelles techniques ils les transformaient en v\u00eatements*, et aussi comment ils utilisaient les fibres.<br \/>\nCe sera \u00e9galement l&#8217;occasion de (re)d\u00e9couvrir notre anc\u00eatre aurignacien, ses savoir-faire ainsi que ses pratiques culturelles et artistiques.<br \/>\nPuis, pour finir la journ\u00e9e, nous vous invitons \u00e0 une petite marche dans les bois sur le chemin de l&#8217;Homme-Lion, jusqu&#8217;\u00e0 l&#8217;abri pr\u00e9historique.<\/p>\n","protected":false},"author":8,"featured_media":1988,"comment_status":"closed","ping_status":"open","sticky":false,"template":"","format":"standard","meta":{"site-sidebar-layout":"default","site-content-layout":"","ast-site-content-layout":"default","site-content-style":"default","site-sidebar-style":"default","ast-global-header-display":"","ast-banner-title-visibility":"","ast-main-header-display":"","ast-hfb-above-header-display":"","ast-hfb-below-header-display":"","ast-hfb-mobile-header-display":"","site-post-title":"","ast-breadcrumbs-content":"","ast-featured-img":"","footer-sml-layout":"","theme-transparent-header-meta":"","adv-header-id-meta":"","stick-header-meta":"","header-above-stick-meta":"","header-main-stick-meta":"","header-below-stick-meta":"","astra-migrate-meta-layouts":"default","ast-page-background-enabled":"default","ast-page-background-meta":{"desktop":{"background-color":"var(--ast-global-color-5)","background-image":"","background-repeat":"repeat","background-position":"center center","background-size":"auto","background-attachment":"scroll","background-type":"","background-media":"","overlay-type":"","overlay-color":"","overlay-opacity":"","overlay-gradient":""},"tablet":{"background-color":"","background-image":"","background-repeat":"repeat","background-position":"center center","background-size":"auto","background-attachment":"scroll","background-type":"","background-media":"","overlay-type":"","overlay-color":"","overlay-opacity":"","overlay-gradient":""},"mobile":{"background-color":"","background-image":"","background-repeat":"repeat","background-position":"center center","background-size":"auto","background-attachment":"scroll","background-type":"","background-media":"","overlay-type":"","overlay-color":"","overlay-opacity":"","overlay-gradient":""}},"ast-content-background-meta":{"desktop":{"background-color":"var(--ast-global-color-4)","background-image":"","background-repeat":"repeat","background-position":"center center","background-size":"auto","background-attachment":"scroll","background-type":"","background-media":"","overlay-type":"","overlay-color":"","overlay-opacity":"","overlay-gradient":""},"tablet":{"background-color":"var(--ast-global-color-4)","background-image":"","background-repeat":"repeat","background-position":"center center","background-size":"auto","background-attachment":"scroll","background-type":"","background-media":"","overlay-type":"","overlay-color":"","overlay-opacity":"","overlay-gradient":""},"mobile":{"background-color":"var(--ast-global-color-4)","background-image":"","background-repeat":"repeat","background-position":"center center","background-size":"auto","background-attachment":"scroll","background-type":"","background-media":"","overlay-type":"","overlay-color":"","overlay-opacity":"","overlay-gradient":""}},"footnotes":""},"categories":[77,29],"tags":[],"class_list":["post-1987","post","type-post","status-publish","format-standard","has-post-thumbnail","hentry","category-actualites","category-non-classe-ca"],"_links":{"self":[{"href":"https:\/\/www.patrim.net\/fr\/wp-json\/wp\/v2\/posts\/1987","targetHints":{"allow":["GET"]}}],"collection":[{"href":"https:\/\/www.patrim.net\/fr\/wp-json\/wp\/v2\/posts"}],"about":[{"href":"https:\/\/www.patrim.net\/fr\/wp-json\/wp\/v2\/types\/post"}],"author":[{"embeddable":true,"href":"https:\/\/www.patrim.net\/fr\/wp-json\/wp\/v2\/users\/8"}],"replies":[{"embeddable":true,"href":"https:\/\/www.patrim.net\/fr\/wp-json\/wp\/v2\/comments?post=1987"}],"version-history":[{"count":1,"href":"https:\/\/www.patrim.net\/fr\/wp-json\/wp\/v2\/posts\/1987\/revisions"}],"predecessor-version":[{"id":1989,"href":"https:\/\/www.patrim.net\/fr\/wp-json\/wp\/v2\/posts\/1987\/revisions\/1989"}],"wp:featuredmedia":[{"embeddable":true,"href":"https:\/\/www.patrim.net\/fr\/wp-json\/wp\/v2\/media\/1988"}],"wp:attachment":[{"href":"https:\/\/www.patrim.net\/fr\/wp-json\/wp\/v2\/media?parent=1987"}],"wp:term":[{"taxonomy":"category","embeddable":true,"href":"https:\/\/www.patrim.net\/fr\/wp-json\/wp\/v2\/categories?post=1987"},{"taxonomy":"post_tag","embeddable":true,"href":"https:\/\/www.patrim.net\/fr\/wp-json\/wp\/v2\/tags?post=1987"}],"curies":[{"name":"wp","href":"https:\/\/api.w.org\/{rel}","templated":true}]}}