{"id":1935,"date":"2019-07-10T12:25:37","date_gmt":"2019-07-10T11:25:37","guid":{"rendered":"http:\/\/www.patrim.net\/?p=1935"},"modified":"2019-08-26T13:06:14","modified_gmt":"2019-08-26T12:06:14","slug":"estiueja-a-lecomuseu-valls-daneu","status":"publish","type":"post","link":"https:\/\/www.patrim.net\/fr\/estiueja-a-lecomuseu-valls-daneu\/","title":{"rendered":"Estiueja a l&#8217;Ecomuseu les Valls d&#8217;\u00c0neu!"},"content":{"rendered":"\n<p>Voleu passar un estiu diferent? Com cada any a l&#8217;estiu, des de <a href=\"http:\/\/www.ecomuseu.com\">l&#8217;Ecomuseu Valls d&#8217;\u00c0neu<\/a> us proposem tot un seguit d&#8217;obertures, visites guiades i experi\u00e8ncies per con\u00e8ixer i viure el patrimoni cultural.  <\/p>\n\n\n\n<p>M\u00e9s informaci\u00f3:<a href=\"http:\/\/www.ecomuseu.com\/wp-content\/uploads\/Radials-2019-web-low.pdf?fbclid=IwAR3z1y3FvMtnuMoPs6f9GbtOFq1ApibKzpzA0w6g3VhlMdfq0O6LRdpEeX8\">http:\/\/www.ecomuseu.com\/wp-content\/uploads\/Radials-2019-web-low.pdf?fbclid=IwAR3z1y3FvMtnuMoPs6f9GbtOFq1ApibKzpzA0w6g3VhlMdfq0O6LRdpEeX8<\/a><\/p>\n\n\n\n<ul class=\"wp-block-gallery columns-1 is-cropped wp-block-gallery-1 is-layout-flex wp-block-gallery-is-layout-flex\"><li class=\"blocks-gallery-item\"><figure><img fetchpriority=\"high\" decoding=\"async\" width=\"725\" height=\"1024\" src=\"http:\/\/www.patrim.net\/wp-content\/uploads\/2019\/08\/Captura-de-pantalla-2019-08-26-a-las-13.26.41-725x1024.png\" alt=\"\" data-id=\"1937\" data-link=\"http:\/\/www.patrim.net\/?attachment_id=1937\" class=\"wp-image-1937\" srcset=\"https:\/\/www.patrim.net\/wp-content\/uploads\/2019\/08\/Captura-de-pantalla-2019-08-26-a-las-13.26.41-725x1024.png 725w, https:\/\/www.patrim.net\/wp-content\/uploads\/2019\/08\/Captura-de-pantalla-2019-08-26-a-las-13.26.41-600x848.png 600w, https:\/\/www.patrim.net\/wp-content\/uploads\/2019\/08\/Captura-de-pantalla-2019-08-26-a-las-13.26.41-212x300.png 212w, https:\/\/www.patrim.net\/wp-content\/uploads\/2019\/08\/Captura-de-pantalla-2019-08-26-a-las-13.26.41-768x1085.png 768w, https:\/\/www.patrim.net\/wp-content\/uploads\/2019\/08\/Captura-de-pantalla-2019-08-26-a-las-13.26.41-230x325.png 230w, https:\/\/www.patrim.net\/wp-content\/uploads\/2019\/08\/Captura-de-pantalla-2019-08-26-a-las-13.26.41-350x495.png 350w, https:\/\/www.patrim.net\/wp-content\/uploads\/2019\/08\/Captura-de-pantalla-2019-08-26-a-las-13.26.41-480x678.png 480w, https:\/\/www.patrim.net\/wp-content\/uploads\/2019\/08\/Captura-de-pantalla-2019-08-26-a-las-13.26.41.png 794w\" sizes=\"(max-width: 725px) 100vw, 725px\" \/><\/figure><\/li><\/ul>\n\n\n\n<figure class=\"wp-block-image\"><img decoding=\"async\" width=\"757\" height=\"1024\" src=\"http:\/\/www.patrim.net\/wp-content\/uploads\/2019\/08\/Captura-de-pantalla-2019-08-26-a-las-13.31.45-757x1024.png\" alt=\"\" class=\"wp-image-1940\" srcset=\"https:\/\/www.patrim.net\/wp-content\/uploads\/2019\/08\/Captura-de-pantalla-2019-08-26-a-las-13.31.45-757x1024.png 757w, https:\/\/www.patrim.net\/wp-content\/uploads\/2019\/08\/Captura-de-pantalla-2019-08-26-a-las-13.31.45-600x812.png 600w, https:\/\/www.patrim.net\/wp-content\/uploads\/2019\/08\/Captura-de-pantalla-2019-08-26-a-las-13.31.45-222x300.png 222w, https:\/\/www.patrim.net\/wp-content\/uploads\/2019\/08\/Captura-de-pantalla-2019-08-26-a-las-13.31.45-768x1039.png 768w, https:\/\/www.patrim.net\/wp-content\/uploads\/2019\/08\/Captura-de-pantalla-2019-08-26-a-las-13.31.45-230x311.png 230w, https:\/\/www.patrim.net\/wp-content\/uploads\/2019\/08\/Captura-de-pantalla-2019-08-26-a-las-13.31.45-350x473.png 350w, https:\/\/www.patrim.net\/wp-content\/uploads\/2019\/08\/Captura-de-pantalla-2019-08-26-a-las-13.31.45-480x649.png 480w, https:\/\/www.patrim.net\/wp-content\/uploads\/2019\/08\/Captura-de-pantalla-2019-08-26-a-las-13.31.45.png 794w\" sizes=\"(max-width: 757px) 100vw, 757px\" \/><\/figure>\n","protected":false},"excerpt":{"rendered":"<p>Voleu passar un estiu diferent? Com cada any a l&#8217;estiu, des de l&#8217;Ecomuseu Valls d&#8217;\u00c0neu us proposem tot un seguit d&#8217;obertures, visites guiades i experi\u00e8ncies per con\u00e8ixer i viure el patrimoni cultural. Ho co-patrocinen Patrim+ (Interreg Poctefa).<\/p>\n","protected":false},"author":8,"featured_media":1943,"comment_status":"closed","ping_status":"open","sticky":false,"template":"","format":"standard","meta":{"site-sidebar-layout":"default","site-content-layout":"","ast-site-content-layout":"default","site-content-style":"default","site-sidebar-style":"default","ast-global-header-display":"","ast-banner-title-visibility":"","ast-main-header-display":"","ast-hfb-above-header-display":"","ast-hfb-below-header-display":"","ast-hfb-mobile-header-display":"","site-post-title":"","ast-breadcrumbs-content":"","ast-featured-img":"","footer-sml-layout":"","theme-transparent-header-meta":"","adv-header-id-meta":"","stick-header-meta":"","header-above-stick-meta":"","header-main-stick-meta":"","header-below-stick-meta":"","astra-migrate-meta-layouts":"default","ast-page-background-enabled":"default","ast-page-background-meta":{"desktop":{"background-color":"var(--ast-global-color-5)","background-image":"","background-repeat":"repeat","background-position":"center center","background-size":"auto","background-attachment":"scroll","background-type":"","background-media":"","overlay-type":"","overlay-color":"","overlay-opacity":"","overlay-gradient":""},"tablet":{"background-color":"","background-image":"","background-repeat":"repeat","background-position":"center center","background-size":"auto","background-attachment":"scroll","background-type":"","background-media":"","overlay-type":"","overlay-color":"","overlay-opacity":"","overlay-gradient":""},"mobile":{"background-color":"","background-image":"","background-repeat":"repeat","background-position":"center center","background-size":"auto","background-attachment":"scroll","background-type":"","background-media":"","overlay-type":"","overlay-color":"","overlay-opacity":"","overlay-gradient":""}},"ast-content-background-meta":{"desktop":{"background-color":"var(--ast-global-color-4)","background-image":"","background-repeat":"repeat","background-position":"center center","background-size":"auto","background-attachment":"scroll","background-type":"","background-media":"","overlay-type":"","overlay-color":"","overlay-opacity":"","overlay-gradient":""},"tablet":{"background-color":"var(--ast-global-color-4)","background-image":"","background-repeat":"repeat","background-position":"center center","background-size":"auto","background-attachment":"scroll","background-type":"","background-media":"","overlay-type":"","overlay-color":"","overlay-opacity":"","overlay-gradient":""},"mobile":{"background-color":"var(--ast-global-color-4)","background-image":"","background-repeat":"repeat","background-position":"center center","background-size":"auto","background-attachment":"scroll","background-type":"","background-media":"","overlay-type":"","overlay-color":"","overlay-opacity":"","overlay-gradient":""}},"footnotes":""},"categories":[77,29],"tags":[],"class_list":["post-1935","post","type-post","status-publish","format-standard","has-post-thumbnail","hentry","category-actualites","category-non-classe-ca"],"_links":{"self":[{"href":"https:\/\/www.patrim.net\/fr\/wp-json\/wp\/v2\/posts\/1935","targetHints":{"allow":["GET"]}}],"collection":[{"href":"https:\/\/www.patrim.net\/fr\/wp-json\/wp\/v2\/posts"}],"about":[{"href":"https:\/\/www.patrim.net\/fr\/wp-json\/wp\/v2\/types\/post"}],"author":[{"embeddable":true,"href":"https:\/\/www.patrim.net\/fr\/wp-json\/wp\/v2\/users\/8"}],"replies":[{"embeddable":true,"href":"https:\/\/www.patrim.net\/fr\/wp-json\/wp\/v2\/comments?post=1935"}],"version-history":[{"count":2,"href":"https:\/\/www.patrim.net\/fr\/wp-json\/wp\/v2\/posts\/1935\/revisions"}],"predecessor-version":[{"id":1953,"href":"https:\/\/www.patrim.net\/fr\/wp-json\/wp\/v2\/posts\/1935\/revisions\/1953"}],"wp:featuredmedia":[{"embeddable":true,"href":"https:\/\/www.patrim.net\/fr\/wp-json\/wp\/v2\/media\/1943"}],"wp:attachment":[{"href":"https:\/\/www.patrim.net\/fr\/wp-json\/wp\/v2\/media?parent=1935"}],"wp:term":[{"taxonomy":"category","embeddable":true,"href":"https:\/\/www.patrim.net\/fr\/wp-json\/wp\/v2\/categories?post=1935"},{"taxonomy":"post_tag","embeddable":true,"href":"https:\/\/www.patrim.net\/fr\/wp-json\/wp\/v2\/tags?post=1935"}],"curies":[{"name":"wp","href":"https:\/\/api.w.org\/{rel}","templated":true}]}}